{"id":252365,"date":"2015-11-20T13:42:51","date_gmt":"2015-11-20T13:42:51","guid":{"rendered":"http:\/\/diariodominicano.ddns.net\/?p=252365"},"modified":"2015-11-20T13:42:51","modified_gmt":"2015-11-20T13:42:51","slug":"siria-pide-al-mundo-presionar-para-que-acabe-el-terrorismo","status":"publish","type":"post","link":"https:\/\/diariodominicano.com\/?p=252365","title":{"rendered":"Siria pide al mundo presionar para que acabe el terrorismo"},"content":{"rendered":"<p><body><\/p>\n<p><img decoding=\"async\" src=\"img3\/siria_basharjaafari_fotospl.jpg\" \/>  <\/p>\n<p><span class=\"text1noticias\"> <\/span><\/p>\n<p><span class=\"text1noticias\">  <\/span><\/p>\n<p><span class=\"text1noticias\">Por Waldo Mendiluza<\/span><\/p>\n<\/p>\n<p><span class=\"text1noticias\">En entrevista con Prensa Latina, el diplom\u00e1tico expres\u00f3 sus consideraciones sobre el proceso en curso para impulsar un di\u00e1logo que lleve al fin de m\u00e1s de cuatro a\u00f1os de enfrentamientos, esfuerzo encabezado por el enviado especial de la ONU, Staffan de Mistura.<\/span><\/p>\n<\/p>\n<p><span class=\"text1noticias\">Nosotros estimulamos a De Mistura a continuar con sus gestiones para implementar la declaraci\u00f3n de Viena II, pero tambi\u00e9n instamos al mundo a observar de manera cuidadosa detalles espec\u00edficos de lo all\u00ed expresado, porque recogen la maldad de algunos, dijo en alusi\u00f3n al empe\u00f1o de Occidente y sus aliados en apostar al cambio de gobierno en Damasco.<\/span><\/p>\n<\/p>\n<p><span class=\"text1noticias\">Hace seis d\u00edas, delegaciones de casi unas 20 naciones, entre ellas Rusia, Estados Unidos, Alemania, Francia, Reino Unido, China, Ir\u00e1n, Arabia Saudita, Catar, Iraq y Turqu\u00eda, celebraron en la capital austriaca un segundo encuentro sobre el conflicto, en el que acordaron promover el alto el fuego y la salida pol\u00edtica a partir de negociaciones genuinamente sirias.<\/span><\/p>\n<\/p>\n<p><span class=\"text1noticias\">\u00abPedimos a los estados miembros de la ONU que reclamen un compromiso claro a los participantes en la conferencia de Viena con el combate al terrorismo y las resoluciones del Consejo de Seguridad 2170, 2178 y 2199 a tal efecto, no necesitamos inventar nada, hay un poderoso arsenal legal y todos deben seguirlo\u00bb, subray\u00f3.<\/span><\/p>\n<\/p>\n<p><span class=\"text1noticias\">Para Jaafari, no puede hablarse de un alto el fuego serio sin eliminar el terrorismo que azota al suelo sirio, con saldo de miles de v\u00edctimas y millones de desplazados.<\/span><\/p>\n<\/p>\n<p><span class=\"text1noticias\">Los extremistas violentos no llegan desde Australia, Estados Unidos, Canad\u00e1, Francia, Espa\u00f1a, B\u00e9lgica, Reino Unido, T\u00fanez, Arabia Saudita y Libia en paraca\u00eddas, ellos cruzan fronteras y alguien los espera en los aeropuertos, les da visa, los entrena, los arma, los acoge y estimula, advirti\u00f3.<\/span><\/p>\n<\/p>\n<p><span class=\"text1noticias\">El representante permanente de Damasco se\u00f1al\u00f3 la importancia de considerar las m\u00faltiples aristas de la crisis, lo que explica la necesidad del compromiso global con la b\u00fasqueda de la paz.<\/span><\/p>\n<\/p>\n<p><span class=\"text1noticias\">\u00abLo que ocurre en Siria tiene dimensiones domestica, \u00e1rabe, regional e internacional, algo que no puede olvidarse\u00bb, insisti\u00f3.<\/span><\/p>\n<\/p>\n<p><span class=\"text1noticias\">De acuerdo con el diplom\u00e1tico, otro tema clave es el relacionado con la contraparte del gobierno en la mesa de di\u00e1logo.<\/span><\/p>\n<\/p>\n<p><span class=\"text1noticias\">\u00abD\u00f3nde est\u00e1n sus nombres y qui\u00e9nes representan a la oposici\u00f3n, porque en Siria no existe una sola, est\u00e1 la que trabaja para Arabia Saudita, mientras otras los hacen para Turqu\u00eda, Catar, Francia, Reino Unido y Estados Unidos\u00bb, denunci\u00f3.<\/span><\/p>\n<\/p>\n<p><span class=\"text1noticias\">Seg\u00fan Jaafari, debe haber claridad en este tema, en aras del \u00e9xito del proceso dirigido a detener el sufrimiento de la poblaci\u00f3n del pa\u00eds \u00e1rabe.<\/span><\/p>\n<\/p>\n<p><span class=\"text1noticias\">Siria se hace la misma pregunta que expusieron Rusia e Ir\u00e1n en Viena, \u00abqui\u00e9n es terrorista y qui\u00e9n es opositor\u00bb, porque no podemos aceptar que a la mesa de di\u00e1logo nacional vengan el Estado Isl\u00e1mico y el Frente Al-Nusra, no tendr\u00eda sentido\u00bb.<\/span><\/p>\n<h6> 2015-11-20 13:42:51 <\/h6>\n<p><!--\n<link rel=\"stylesheet\" href=\"css\/bootstrap.min.css\">\n\n\n<ul class=\"pagination\">\n\t    \n\t\n\n<li >\n\t<a href='?page_no=22009'>Previous<\/a>\n\t<\/li>\n\n\n       \n    \n\n<li><a href='?page_no=1'>1<\/a><\/li>\n\n\n\n<li><a href='?page_no=2'>2<\/a><\/li>\n\n\n\n<li><a>...<\/a><\/li>\n\n\n\n<li><a href='?page_no=22008'>22008<\/a><\/li>\n\n\n\n<li><a href='?page_no=22009'>22009<\/a><\/li>\n\n\n\n<li class='active'><a>22010<\/a><\/li>\n\n\n\n<li><a href='?page_no=22011'>22011<\/a><\/li>\n\n\n\n<li><a href='?page_no=22012'>22012<\/a><\/li>\n\n\n\n<li><a>...<\/a><\/li>\n\n\n\n<li><a href='?page_no=51012'>51012<\/a><\/li>\n\n\n\n<li><a href='?page_no=51013'>51013<\/a><\/li>\n\n    \n\t\n\n<li >\n\t<a href='?page_no=22011'>Next<\/a>\n\t<\/li>\n\n\n    \n\n<li><a href='?page_no=51013'>Last &rsaquo;&rsaquo;<\/a><\/li>\n\n<\/ul>\n\n\n--><br \/>\n<\/body><\/p>\n","protected":false},"excerpt":{"rendered":"<p>Por Waldo Mendiluza En entrevista con Prensa Latina, el diplom\u00e1tico expres\u00f3 sus consideraciones sobre el proceso en curso para impulsar un di\u00e1logo que lleve al fin de m\u00e1s de cuatro a\u00f1os de enfrentamientos, esfuerzo encabezado por el enviado especial de la ONU, Staffan de Mistura. Nosotros estimulamos a De Mistura a continuar con sus gestiones [&hellip;]<\/p>\n","protected":false},"author":3,"featured_media":0,"comment_status":"open","ping_status":"open","sticky":false,"template":"","format":"standard","meta":{"footnotes":""},"categories":[23],"tags":[],"class_list":["post-252365","post","type-post","status-publish","format-standard","hentry","category-internacional"],"_links":{"self":[{"href":"https:\/\/diariodominicano.com\/index.php?rest_route=\/wp\/v2\/posts\/252365","targetHints":{"allow":["GET"]}}],"collection":[{"href":"https:\/\/diariodominicano.com\/index.php?rest_route=\/wp\/v2\/posts"}],"about":[{"href":"https:\/\/diariodominicano.com\/index.php?rest_route=\/wp\/v2\/types\/post"}],"author":[{"embeddable":true,"href":"https:\/\/diariodominicano.com\/index.php?rest_route=\/wp\/v2\/users\/3"}],"replies":[{"embeddable":true,"href":"https:\/\/diariodominicano.com\/index.php?rest_route=%2Fwp%2Fv2%2Fcomments&post=252365"}],"version-history":[{"count":0,"href":"https:\/\/diariodominicano.com\/index.php?rest_route=\/wp\/v2\/posts\/252365\/revisions"}],"wp:attachment":[{"href":"https:\/\/diariodominicano.com\/index.php?rest_route=%2Fwp%2Fv2%2Fmedia&parent=252365"}],"wp:term":[{"taxonomy":"category","embeddable":true,"href":"https:\/\/diariodominicano.com\/index.php?rest_route=%2Fwp%2Fv2%2Fcategories&post=252365"},{"taxonomy":"post_tag","embeddable":true,"href":"https:\/\/diariodominicano.com\/index.php?rest_route=%2Fwp%2Fv2%2Ftags&post=252365"}],"curies":[{"name":"wp","href":"https:\/\/api.w.org\/{rel}","templated":true}]}}