{"id":252363,"date":"2015-11-20T14:33:06","date_gmt":"2015-11-20T14:33:06","guid":{"rendered":"http:\/\/diariodominicano.ddns.net\/?p=252363"},"modified":"2015-11-20T14:33:06","modified_gmt":"2015-11-20T14:33:06","slug":"panama-promueve-actividades-previo-a-la-cumbre-del-clima","status":"publish","type":"post","link":"https:\/\/diariodominicano.com\/?p=252363","title":{"rendered":"Panam\u00e1 promueve actividades previo a la Cumbre del Clima"},"content":{"rendered":"<p><body><\/p>\n<p><img decoding=\"async\" src=\"img3\/cambio-climatico-panama.jpg\" \/>  <\/p>\n<p><span class=\"text1noticias\">\t<\/span><\/p>\n<p><span class=\"text1noticias\">  <\/span><\/p>\n<p><span class=\"text1noticias\">Panam\u00e1, 20 nov (PL) M\u00faltiples actividades desarrolla hoy Panam\u00e1 de conjunto con la embajada de Francia en esta capital, previo a la Cumbre del Clima en Par\u00eds (COP21), a celebrarse del 30 de noviembre al 11 de diciembre pr\u00f3ximos.<\/span><\/p>\n<\/p>\n<p><span class=\"text1noticias\">La agenda, que forma parte de la Semana del Cambio Clim\u00e1tico, incluye conversatorios, conferencias y marchas, entre otras acciones, con vistas a presentar algunos de los temas que ser\u00e1n analizados en la COP21, expres\u00f3 el embajador galo en Panam\u00e1, Philippe Casenave.<\/span><\/p>\n<\/p>\n<p><span class=\"text1noticias\">Este fin de semana est\u00e1 previsto la Fiesta de la Vendimia, jolgorio que festeja el inicio de la nueva cosecha de vino, y una marcha internacional por el clima.<\/span><\/p>\n<\/p>\n<p><span class=\"text1noticias\">El prop\u00f3sito de la cita ambiental es unir ideas y esfuerzos provenientes de la sociedad, las autoridades locales y las empresas, para concientizar al gran p\u00fablico alrededor del reto de la protecci\u00f3n del medio ambiente, precis\u00f3 el diplom\u00e1tico.<\/span><\/p>\n<\/p>\n<p><span class=\"text1noticias\">Casenave record\u00f3 que la Cumbre es crucial para llegar a un nuevo acuerdo internacional sobre el clima, aplicable a todos los pa\u00edses, y en la que todos los pueblos del mundo deben estar m\u00e1s unidos para mantener el calentamiento global por debajo de los dos grados Celsius.<\/span><\/p>\n<\/p>\n<p><span class=\"text1noticias\">Adelant\u00f3 que la ola de atentados terroristas de la que fue v\u00edctima Par\u00eds la semana pasada, no ser\u00e1 un impedimento para que la cumbre clim\u00e1tica se realice \u00abtal y como se ha planificado\u00bb.<\/span><\/p>\n<\/p>\n<p><span class=\"text1noticias\">Justamente para lograr que la reuni\u00f3n sea efectiva, segura para los l\u00edderes mundiales que asistir\u00e1n y transcurra con normal tranquilidad, las autoridades y organizadores elevaron las medidas de seguridad en el pa\u00eds.<\/span><\/p>\n<\/p>\n<p><span class=\"text1noticias\">La semana pasada, el presidente paname\u00f1o Juan Carlos Varela, quien llegar\u00e1 a la capital parisina el 28 de noviembre, confirm\u00f3 la asistencia de su delegaci\u00f3n a la Cumbre del Clima, a pesar de la emergencia que vive Francia tras los atentados terroristas.<\/span><\/p>\n<\/p>\n<h6> 2015-11-20 14:33:06 <\/h6>\n<p><!--\n<link rel=\"stylesheet\" href=\"css\/bootstrap.min.css\">\n\n\n<ul class=\"pagination\">\n\t    \n\t\n\n<li >\n\t<a href='?page_no=22007'>Previous<\/a>\n\t<\/li>\n\n\n       \n    \n\n<li><a href='?page_no=1'>1<\/a><\/li>\n\n\n\n<li><a href='?page_no=2'>2<\/a><\/li>\n\n\n\n<li><a>...<\/a><\/li>\n\n\n\n<li><a href='?page_no=22006'>22006<\/a><\/li>\n\n\n\n<li><a href='?page_no=22007'>22007<\/a><\/li>\n\n\n\n<li class='active'><a>22008<\/a><\/li>\n\n\n\n<li><a href='?page_no=22009'>22009<\/a><\/li>\n\n\n\n<li><a href='?page_no=22010'>22010<\/a><\/li>\n\n\n\n<li><a>...<\/a><\/li>\n\n\n\n<li><a href='?page_no=51012'>51012<\/a><\/li>\n\n\n\n<li><a href='?page_no=51013'>51013<\/a><\/li>\n\n    \n\t\n\n<li >\n\t<a href='?page_no=22009'>Next<\/a>\n\t<\/li>\n\n\n    \n\n<li><a href='?page_no=51013'>Last &rsaquo;&rsaquo;<\/a><\/li>\n\n<\/ul>\n\n\n--><br \/>\n<\/body><\/p>\n","protected":false},"excerpt":{"rendered":"<p>Panam\u00e1, 20 nov (PL) M\u00faltiples actividades desarrolla hoy Panam\u00e1 de conjunto con la embajada de Francia en esta capital, previo a la Cumbre del Clima en Par\u00eds (COP21), a celebrarse del 30 de noviembre al 11 de diciembre pr\u00f3ximos. La agenda, que forma parte de la Semana del Cambio Clim\u00e1tico, incluye conversatorios, conferencias y marchas, [&hellip;]<\/p>\n","protected":false},"author":3,"featured_media":0,"comment_status":"open","ping_status":"open","sticky":false,"template":"","format":"standard","meta":{"footnotes":""},"categories":[23],"tags":[],"class_list":["post-252363","post","type-post","status-publish","format-standard","hentry","category-internacional"],"_links":{"self":[{"href":"https:\/\/diariodominicano.com\/index.php?rest_route=\/wp\/v2\/posts\/252363","targetHints":{"allow":["GET"]}}],"collection":[{"href":"https:\/\/diariodominicano.com\/index.php?rest_route=\/wp\/v2\/posts"}],"about":[{"href":"https:\/\/diariodominicano.com\/index.php?rest_route=\/wp\/v2\/types\/post"}],"author":[{"embeddable":true,"href":"https:\/\/diariodominicano.com\/index.php?rest_route=\/wp\/v2\/users\/3"}],"replies":[{"embeddable":true,"href":"https:\/\/diariodominicano.com\/index.php?rest_route=%2Fwp%2Fv2%2Fcomments&post=252363"}],"version-history":[{"count":0,"href":"https:\/\/diariodominicano.com\/index.php?rest_route=\/wp\/v2\/posts\/252363\/revisions"}],"wp:attachment":[{"href":"https:\/\/diariodominicano.com\/index.php?rest_route=%2Fwp%2Fv2%2Fmedia&parent=252363"}],"wp:term":[{"taxonomy":"category","embeddable":true,"href":"https:\/\/diariodominicano.com\/index.php?rest_route=%2Fwp%2Fv2%2Fcategories&post=252363"},{"taxonomy":"post_tag","embeddable":true,"href":"https:\/\/diariodominicano.com\/index.php?rest_route=%2Fwp%2Fv2%2Ftags&post=252363"}],"curies":[{"name":"wp","href":"https:\/\/api.w.org\/{rel}","templated":true}]}}