{"id":252350,"date":"2015-11-21T20:03:22","date_gmt":"2015-11-21T20:03:22","guid":{"rendered":"http:\/\/diariodominicano.ddns.net\/?p=252350"},"modified":"2015-11-21T20:03:22","modified_gmt":"2015-11-21T20:03:22","slug":"buscan-a-tres-sospechosos-de-los-ataque-a-hotel-maliense","status":"publish","type":"post","link":"https:\/\/diariodominicano.com\/?p=252350","title":{"rendered":"Buscan a tres sospechosos de los ataque a hotel maliense"},"content":{"rendered":"<p><body><\/p>\n<p><img decoding=\"async\" src=\"img3\/mali_hotel.jpg\" \/>  <\/p>\n<p><span class=\"text1noticias\">Bamako, 21 nov (PL) Las fuerzas de seguridad maliense buscan a tres sospechosos de tener relaci\u00f3n con la toma de rehenes perpetrada el viernes en el capitalino hotel Radisson Blu y reivindicada por grupos extremistas.<\/span><\/p>\n<p><span class=\"text1noticias\"> <\/span><\/p>\n<p><span class=\"text1noticias\">Esa acci\u00f3n ocurre en medio de un estado de emergencia decretado por las autoridades, a ra\u00edz del ataque ejecutado por efectivos del grupo integrista argelino Al Morabitum, vinculado con Al Qaeda en el Magreb Isl\u00e1mico (AQMI) <\/span><\/p>\n<p><span class=\"text1noticias\"> <\/span><\/p>\n<p><span class=\"text1noticias\">\u00abBuscamos activamente a tres sospechosos que podr\u00edan estar implicados en el ataque del viernes al hotel Radisson\u00bb, precis\u00f3 a la prensa una fuente de los servicios de seguridad.<\/span><\/p>\n<p><span class=\"text1noticias\"> <\/span><\/p>\n<p><span class=\"text1noticias\">En un discurso a la naci\u00f3n anoche, el presidente de Mali, Ibrahim Boubacar Feita, inform\u00f3 21 muertos y siete heridos como consecuencia de la agresi\u00f3n integrista y acentu\u00f3: \u00abEl terrorismo no pasar\u00e1\u00bb.<\/span><\/p>\n<p><span class=\"text1noticias\"> <\/span><\/p>\n<p><span class=\"text1noticias\">Sin embargo, un balance de una fuente militar situ\u00f3 en 27 la cifra de muertos entre los 170 clientes y empleados que se hallaban en la instalaci\u00f3n, y detall\u00f3 que tres islamistas perecieron durante el asalto o cuando hicieron estallar las cargas explosivas que portaban.<\/span><\/p>\n<p><span class=\"text1noticias\"> <\/span><\/p>\n<p><span class=\"text1noticias\">Mientras tanto este s\u00e1bado est\u00e1 en vigor -y se extender\u00e1 por 10 d\u00edas- el estado de emergencia, y a partir del lunes se observar\u00e1n tres d\u00edas de duelo nacional por las perdidas humanas causadas por el suceso.<\/span><\/p>\n<p><span class=\"text1noticias\"> <\/span><\/p>\n<p><span class=\"text1noticias\">Seg\u00fan precisiones oficiales, entre las v\u00edctimas hay ciudadanos de origen rusos y chinos, as\u00ed como un estadounidense y un alto funcionario belga.<\/span><\/p>\n<p><span class=\"text1noticias\"> <\/span><\/p>\n<p><span class=\"text1noticias\">Efectivos de las fuerzas especiales de Mali, con respaldo de miembros de la Gendarmer\u00eda francesa, de la Misi\u00f3n de ONU (Minusma) y de Estados Unidos, pusieron fin al ataque extremista, indicaron medios de prensa sobre lo que identificaron como una operaci\u00f3n militar interna<\/span>cional.<\/p>\n<h6> 2015-11-21 20:03:22 <\/h6>\n<p><!--\n<link rel=\"stylesheet\" href=\"css\/bootstrap.min.css\">\n\n\n<ul class=\"pagination\">\n\t    \n\t\n\n<li >\n\t<a href='?page_no=21994'>Previous<\/a>\n\t<\/li>\n\n\n       \n    \n\n<li><a href='?page_no=1'>1<\/a><\/li>\n\n\n\n<li><a href='?page_no=2'>2<\/a><\/li>\n\n\n\n<li><a>...<\/a><\/li>\n\n\n\n<li><a href='?page_no=21993'>21993<\/a><\/li>\n\n\n\n<li><a href='?page_no=21994'>21994<\/a><\/li>\n\n\n\n<li class='active'><a>21995<\/a><\/li>\n\n\n\n<li><a href='?page_no=21996'>21996<\/a><\/li>\n\n\n\n<li><a href='?page_no=21997'>21997<\/a><\/li>\n\n\n\n<li><a>...<\/a><\/li>\n\n\n\n<li><a href='?page_no=51012'>51012<\/a><\/li>\n\n\n\n<li><a href='?page_no=51013'>51013<\/a><\/li>\n\n    \n\t\n\n<li >\n\t<a href='?page_no=21996'>Next<\/a>\n\t<\/li>\n\n\n    \n\n<li><a href='?page_no=51013'>Last &rsaquo;&rsaquo;<\/a><\/li>\n\n<\/ul>\n\n\n--><br \/>\n<\/body><\/p>\n","protected":false},"excerpt":{"rendered":"<p>Bamako, 21 nov (PL) Las fuerzas de seguridad maliense buscan a tres sospechosos de tener relaci\u00f3n con la toma de rehenes perpetrada el viernes en el capitalino hotel Radisson Blu y reivindicada por grupos extremistas. Esa acci\u00f3n ocurre en medio de un estado de emergencia decretado por las autoridades, a ra\u00edz del ataque ejecutado por [&hellip;]<\/p>\n","protected":false},"author":3,"featured_media":0,"comment_status":"open","ping_status":"open","sticky":false,"template":"","format":"standard","meta":{"footnotes":""},"categories":[23],"tags":[],"class_list":["post-252350","post","type-post","status-publish","format-standard","hentry","category-internacional"],"_links":{"self":[{"href":"https:\/\/diariodominicano.com\/index.php?rest_route=\/wp\/v2\/posts\/252350","targetHints":{"allow":["GET"]}}],"collection":[{"href":"https:\/\/diariodominicano.com\/index.php?rest_route=\/wp\/v2\/posts"}],"about":[{"href":"https:\/\/diariodominicano.com\/index.php?rest_route=\/wp\/v2\/types\/post"}],"author":[{"embeddable":true,"href":"https:\/\/diariodominicano.com\/index.php?rest_route=\/wp\/v2\/users\/3"}],"replies":[{"embeddable":true,"href":"https:\/\/diariodominicano.com\/index.php?rest_route=%2Fwp%2Fv2%2Fcomments&post=252350"}],"version-history":[{"count":0,"href":"https:\/\/diariodominicano.com\/index.php?rest_route=\/wp\/v2\/posts\/252350\/revisions"}],"wp:attachment":[{"href":"https:\/\/diariodominicano.com\/index.php?rest_route=%2Fwp%2Fv2%2Fmedia&parent=252350"}],"wp:term":[{"taxonomy":"category","embeddable":true,"href":"https:\/\/diariodominicano.com\/index.php?rest_route=%2Fwp%2Fv2%2Fcategories&post=252350"},{"taxonomy":"post_tag","embeddable":true,"href":"https:\/\/diariodominicano.com\/index.php?rest_route=%2Fwp%2Fv2%2Ftags&post=252350"}],"curies":[{"name":"wp","href":"https:\/\/api.w.org\/{rel}","templated":true}]}}