{"id":252347,"date":"2015-11-21T20:44:30","date_gmt":"2015-11-21T20:44:30","guid":{"rendered":"http:\/\/diariodominicano.ddns.net\/?p=252347"},"modified":"2015-11-21T20:44:30","modified_gmt":"2015-11-21T20:44:30","slug":"identifican-gen-resistente-a-antibioticos-potentes","status":"publish","type":"post","link":"https:\/\/diariodominicano.com\/?p=252347","title":{"rendered":"Identifican gen resistente a antibi\u00f3ticos potentes"},"content":{"rendered":"<p><body><\/p>\n<p><img decoding=\"async\" src=\"img3\/gen_resiste_antibioticos.jpg\" \/>  <\/p>\n<p><span class=\"text1noticias\">Washington, 21 nov (PL) Un gen es capaz de ofrecer resistencia a las bacterias contra la colistina, un antibi\u00f3tico de amplio espectro utilizado en tratamientos en los cuales otro antimicrobiano es ineficaz, se public\u00f3 este s\u00e1bado.<\/span><\/p>\n<p><span class=\"text1noticias\"> <\/span><\/p>\n<p><span class=\"text1noticias\">Se trata del MCR-1, presente en bacterias que logran anular la efectividad del antibi\u00f3tico tanto en humanos como en el ganado, destacan los autores en un art\u00edculo publicado en la revista The Lancet Infectious Diseases.<\/span><\/p>\n<p><span class=\"text1noticias\"> <\/span><\/p>\n<p><span class=\"text1noticias\">Nuestros resultados son extremadamente preocupantes, se\u00f1al\u00f3 Liu Jian-Hua, profesor de la Universidad agr\u00edcola de Canton (China), quien encabeza la investigaci\u00f3n.<\/span><\/p>\n<p><span class=\"text1noticias\"> <\/span><\/p>\n<p><span class=\"text1noticias\">Mezcla de polip\u00e9ptido c\u00edclico colistin A y B, la colistina es efectiva contra todos los bacilos Gram-negativos y es usada como antibi\u00f3tico polip\u00e9ptido. Es una de las \u00faltimas armas contra bacterias polirresistentes Pseudomonas aeruginosa, y Acinetobacter.<\/span><\/p>\n<p><span class=\"text1noticias\"> <\/span><\/p>\n<p><span class=\"text1noticias\">El MCR-1 fue hallado en mol\u00e9culas de ADN que pueden replicarse y transmitirse entre diversas bacterias, lo que significa que las bacterias mutadas altamente resistente a los antibi\u00f3ticos pueden difundirse por todo el mundo, explican los especialistas.<\/span><\/p>\n<p><span class=\"text1noticias\"> <\/span><\/p>\n<p><span class=\"text1noticias\">Tambi\u00e9n puede aumentar el n\u00famero de las infecciones intratables y provocar epidemias en humanos, advierten.<\/span><\/p>\n<h6> 2015-11-21 20:44:30 <\/h6>\n<p><!--\n<link rel=\"stylesheet\" href=\"css\/bootstrap.min.css\">\n\n\n<ul class=\"pagination\">\n\t    \n\t\n\n<li >\n\t<a href='?page_no=21991'>Previous<\/a>\n\t<\/li>\n\n\n       \n    \n\n<li><a href='?page_no=1'>1<\/a><\/li>\n\n\n\n<li><a href='?page_no=2'>2<\/a><\/li>\n\n\n\n<li><a>...<\/a><\/li>\n\n\n\n<li><a href='?page_no=21990'>21990<\/a><\/li>\n\n\n\n<li><a href='?page_no=21991'>21991<\/a><\/li>\n\n\n\n<li class='active'><a>21992<\/a><\/li>\n\n\n\n<li><a href='?page_no=21993'>21993<\/a><\/li>\n\n\n\n<li><a href='?page_no=21994'>21994<\/a><\/li>\n\n\n\n<li><a>...<\/a><\/li>\n\n\n\n<li><a href='?page_no=51012'>51012<\/a><\/li>\n\n\n\n<li><a href='?page_no=51013'>51013<\/a><\/li>\n\n    \n\t\n\n<li >\n\t<a href='?page_no=21993'>Next<\/a>\n\t<\/li>\n\n\n    \n\n<li><a href='?page_no=51013'>Last &rsaquo;&rsaquo;<\/a><\/li>\n\n<\/ul>\n\n\n--><br \/>\n<\/body><\/p>\n","protected":false},"excerpt":{"rendered":"<p>Washington, 21 nov (PL) Un gen es capaz de ofrecer resistencia a las bacterias contra la colistina, un antibi\u00f3tico de amplio espectro utilizado en tratamientos en los cuales otro antimicrobiano es ineficaz, se public\u00f3 este s\u00e1bado. Se trata del MCR-1, presente en bacterias que logran anular la efectividad del antibi\u00f3tico tanto en humanos como en [&hellip;]<\/p>\n","protected":false},"author":3,"featured_media":0,"comment_status":"open","ping_status":"open","sticky":false,"template":"","format":"standard","meta":{"footnotes":""},"categories":[23],"tags":[],"class_list":["post-252347","post","type-post","status-publish","format-standard","hentry","category-internacional"],"_links":{"self":[{"href":"https:\/\/diariodominicano.com\/index.php?rest_route=\/wp\/v2\/posts\/252347","targetHints":{"allow":["GET"]}}],"collection":[{"href":"https:\/\/diariodominicano.com\/index.php?rest_route=\/wp\/v2\/posts"}],"about":[{"href":"https:\/\/diariodominicano.com\/index.php?rest_route=\/wp\/v2\/types\/post"}],"author":[{"embeddable":true,"href":"https:\/\/diariodominicano.com\/index.php?rest_route=\/wp\/v2\/users\/3"}],"replies":[{"embeddable":true,"href":"https:\/\/diariodominicano.com\/index.php?rest_route=%2Fwp%2Fv2%2Fcomments&post=252347"}],"version-history":[{"count":0,"href":"https:\/\/diariodominicano.com\/index.php?rest_route=\/wp\/v2\/posts\/252347\/revisions"}],"wp:attachment":[{"href":"https:\/\/diariodominicano.com\/index.php?rest_route=%2Fwp%2Fv2%2Fmedia&parent=252347"}],"wp:term":[{"taxonomy":"category","embeddable":true,"href":"https:\/\/diariodominicano.com\/index.php?rest_route=%2Fwp%2Fv2%2Fcategories&post=252347"},{"taxonomy":"post_tag","embeddable":true,"href":"https:\/\/diariodominicano.com\/index.php?rest_route=%2Fwp%2Fv2%2Ftags&post=252347"}],"curies":[{"name":"wp","href":"https:\/\/api.w.org\/{rel}","templated":true}]}}