{"id":252330,"date":"2015-11-23T12:53:12","date_gmt":"2015-11-23T12:53:12","guid":{"rendered":"http:\/\/diariodominicano.ddns.net\/?p=252330"},"modified":"2015-11-23T12:53:12","modified_gmt":"2015-11-23T12:53:12","slug":"hay-confianza-para-cese-el-fuego-bilateral-en-colombia-dice-santos","status":"publish","type":"post","link":"https:\/\/diariodominicano.com\/?p=252330","title":{"rendered":"&#13;Hay confianza para cese el fuego bilateral en Colombia, dice Santos"},"content":{"rendered":"<p><body><\/p>\n<p><img decoding=\"async\" src=\"img3\/santos-colombia.jpg\" \/>  <\/p>\n<p><span class=\"text1noticias\">\t <\/span><\/p>\n<\/p>\n<p><span class=\"text1noticias\">Yo entr\u00e9 (a las conversaciones pacifistas) con un alto grado de escepticismo, pero si estamos hablando ahora de esa medida es porque pasamos el umbral de la desconfianza, a\u00f1adi\u00f3 el mandatario en declaraciones difundidas por BluRadio y Noticias RCN.<\/span><\/p>\n<\/p>\n<p><span class=\"text1noticias\">Pensamos que esta gente s\u00ed est\u00e1 en serio, coment\u00f3 el gobernante al referirse a la voluntad de paz de las Fuerzas Armadas Revolucionarias de Colombia-Ej\u00e9rcito del Pueblo (FARC-EP).<\/span><\/p>\n<\/p>\n<p><span class=\"text1noticias\">Representantes gubernamentales y de ese grupo guerrillero platican en Cuba desde hace tres a\u00f1os con el prop\u00f3sito de hallar una salida concertada a la confrontaci\u00f3n b\u00e9lica interna, la cual dura m\u00e1s de medio siglo.<\/span><\/p>\n<\/p>\n<p><span class=\"text1noticias\">Desde el pasado 20 de julio la agrupaci\u00f3n rebelde decret\u00f3 una pausa combativa, secundada con la orden presidencial de suspender los bombardeos o ataques a\u00e9reos contra los campamentos de esos insurgentes.<\/span><\/p>\n<\/p>\n<p><span class=\"text1noticias\">En semanas previas Santos dej\u00f3 entrever la posibilidad de instaurar el silenciamiento de todos los fusiles a partir del 1 de enero e incluso antes como regalo de navidad para los colombianos, dijo.<\/span><\/p>\n<\/p>\n<p><span class=\"text1noticias\">Asimismo solicit\u00f3 apoyo a Naciones Unidas para verificar esa etapa.<\/span><\/p>\n<\/p>\n<p><span class=\"text1noticias\">En tanto las FARC-EP, activistas, defensores de derechos humanos, l\u00edderes sociales y comunitarios abogan por la pronta suspensi\u00f3n de todas las ofensivas belicistas con los objetivos de aliviar a la poblaci\u00f3n civil y avanzar hacia el t\u00e9rmino de la guerra, la cual ha ocasionado la muerte a unos 300 mil ciudadanos.<\/span><\/p>\n<\/p>\n<p><span class=\"text1noticias\">Como resultado de las pl\u00e1ticas en la capital cubana ambas delegaciones de negociadores lograron consensos en los temas de reforma rural, combate a las drogas il\u00edcitas y participaci\u00f3n pol\u00edtica centrada en la democracia, adem\u00e1s de pactar el inicio de un programa de desminado en el territorio nacional y elaborar de conjunto un protocolo para la b\u00fasqueda de desaparecidos.<\/span><\/p>\n<\/p>\n<p><span class=\"text1noticias\">Resta por precisar detalles de la llamada Jurisdicci\u00f3n Especial para la paz -mecanismo dise\u00f1ado con la finalidad de investigar, juzgar y sancionar a actores de la conflagraci\u00f3n-, los t\u00e9rminos del cese el fuego bilateral, dejaci\u00f3n de las armas, desmovilizaci\u00f3n y reintegraci\u00f3n a la sociedad de los ahora combatientes.<\/span><\/p>\n<\/p>\n<h6> 2015-11-23 12:53:12 <\/h6>\n<p><!--\n<link rel=\"stylesheet\" href=\"css\/bootstrap.min.css\">\n\n\n<ul class=\"pagination\">\n\t    \n\t\n\n<li >\n\t<a href='?page_no=21974'>Previous<\/a>\n\t<\/li>\n\n\n       \n    \n\n<li><a href='?page_no=1'>1<\/a><\/li>\n\n\n\n<li><a href='?page_no=2'>2<\/a><\/li>\n\n\n\n<li><a>...<\/a><\/li>\n\n\n\n<li><a href='?page_no=21973'>21973<\/a><\/li>\n\n\n\n<li><a href='?page_no=21974'>21974<\/a><\/li>\n\n\n\n<li class='active'><a>21975<\/a><\/li>\n\n\n\n<li><a href='?page_no=21976'>21976<\/a><\/li>\n\n\n\n<li><a href='?page_no=21977'>21977<\/a><\/li>\n\n\n\n<li><a>...<\/a><\/li>\n\n\n\n<li><a href='?page_no=51012'>51012<\/a><\/li>\n\n\n\n<li><a href='?page_no=51013'>51013<\/a><\/li>\n\n    \n\t\n\n<li >\n\t<a href='?page_no=21976'>Next<\/a>\n\t<\/li>\n\n\n    \n\n<li><a href='?page_no=51013'>Last &rsaquo;&rsaquo;<\/a><\/li>\n\n<\/ul>\n\n\n--><br \/>\n<\/body><\/p>\n","protected":false},"excerpt":{"rendered":"<p>Yo entr\u00e9 (a las conversaciones pacifistas) con un alto grado de escepticismo, pero si estamos hablando ahora de esa medida es porque pasamos el umbral de la desconfianza, a\u00f1adi\u00f3 el mandatario en declaraciones difundidas por BluRadio y Noticias RCN. Pensamos que esta gente s\u00ed est\u00e1 en serio, coment\u00f3 el gobernante al referirse a la voluntad [&hellip;]<\/p>\n","protected":false},"author":3,"featured_media":0,"comment_status":"open","ping_status":"open","sticky":false,"template":"","format":"standard","meta":{"footnotes":""},"categories":[23],"tags":[],"class_list":["post-252330","post","type-post","status-publish","format-standard","hentry","category-internacional"],"_links":{"self":[{"href":"https:\/\/diariodominicano.com\/index.php?rest_route=\/wp\/v2\/posts\/252330","targetHints":{"allow":["GET"]}}],"collection":[{"href":"https:\/\/diariodominicano.com\/index.php?rest_route=\/wp\/v2\/posts"}],"about":[{"href":"https:\/\/diariodominicano.com\/index.php?rest_route=\/wp\/v2\/types\/post"}],"author":[{"embeddable":true,"href":"https:\/\/diariodominicano.com\/index.php?rest_route=\/wp\/v2\/users\/3"}],"replies":[{"embeddable":true,"href":"https:\/\/diariodominicano.com\/index.php?rest_route=%2Fwp%2Fv2%2Fcomments&post=252330"}],"version-history":[{"count":0,"href":"https:\/\/diariodominicano.com\/index.php?rest_route=\/wp\/v2\/posts\/252330\/revisions"}],"wp:attachment":[{"href":"https:\/\/diariodominicano.com\/index.php?rest_route=%2Fwp%2Fv2%2Fmedia&parent=252330"}],"wp:term":[{"taxonomy":"category","embeddable":true,"href":"https:\/\/diariodominicano.com\/index.php?rest_route=%2Fwp%2Fv2%2Fcategories&post=252330"},{"taxonomy":"post_tag","embeddable":true,"href":"https:\/\/diariodominicano.com\/index.php?rest_route=%2Fwp%2Fv2%2Ftags&post=252330"}],"curies":[{"name":"wp","href":"https:\/\/api.w.org\/{rel}","templated":true}]}}