{"id":252328,"date":"2015-11-23T13:14:55","date_gmt":"2015-11-23T13:14:55","guid":{"rendered":"http:\/\/diariodominicano.ddns.net\/?p=252328"},"modified":"2015-11-23T13:14:55","modified_gmt":"2015-11-23T13:14:55","slug":"presidente-de-unasur-da-a-argentino-macri-bienvenida-al-vecindario","status":"publish","type":"post","link":"https:\/\/diariodominicano.com\/?p=252328","title":{"rendered":"&#13;&#13;Presidente de Unasur da a argentino Macri bienvenida al vecindario"},"content":{"rendered":"<p><body><\/p>\n<\/p>\n<p><span class=\"text1noticias\">Quito, 23 nov (PL) El secretario general de la Uni\u00f3n de Naciones Suramericanas (Unasur), Ernesto Samper, dio hoy la bienvenida al vecindario del Sur a Mauricio Macri, reci\u00e9n electo presidente de Argentina.<\/span><\/p>\n<\/p>\n<p><span class=\"text1noticias\">Tras felicitar a Macri por el triunfo, mediante su cuenta en la red social Twitter, el expresidente colombiano se\u00f1al\u00f3 que la carrera democr\u00e1tica se corri\u00f3 con voluntad del pueblo \u00aben una limpia contienda electoral\u00bb.<\/span><\/p>\n<\/p>\n<p><span class=\"text1noticias\">La sede de Unasur se encuentra emplazada en Ecuador, en Ciudad Mitad del Mundo, a 14 kil\u00f3metros al norte de esta capital, en un edificio bautizado con el nombre del primer titular del organismo, el expresidente argentino N\u00e9stor Kirchner.<\/span><\/p>\n<\/p>\n<p><span class=\"text1noticias\">Macri, candidato de la alianza Cambiemos, autodenominada de centro- derecha, gan\u00f3 la presidencia la v\u00edspera con 51,40 por ciento de los votos, mientras su contrincante del Frente para la Victoria, Daniel Scioli, alcanz\u00f3 48,60 por ciento, una diferencia de 2.80 por ciento.<\/span><\/p>\n<h6> 2015-11-23 13:14:55 <\/h6>\n<p><!--\n<link rel=\"stylesheet\" href=\"css\/bootstrap.min.css\">\n\n\n<ul class=\"pagination\">\n\t    \n\t\n\n<li >\n\t<a href='?page_no=21972'>Previous<\/a>\n\t<\/li>\n\n\n       \n    \n\n<li><a href='?page_no=1'>1<\/a><\/li>\n\n\n\n<li><a href='?page_no=2'>2<\/a><\/li>\n\n\n\n<li><a>...<\/a><\/li>\n\n\n\n<li><a href='?page_no=21971'>21971<\/a><\/li>\n\n\n\n<li><a href='?page_no=21972'>21972<\/a><\/li>\n\n\n\n<li class='active'><a>21973<\/a><\/li>\n\n\n\n<li><a href='?page_no=21974'>21974<\/a><\/li>\n\n\n\n<li><a href='?page_no=21975'>21975<\/a><\/li>\n\n\n\n<li><a>...<\/a><\/li>\n\n\n\n<li><a href='?page_no=51012'>51012<\/a><\/li>\n\n\n\n<li><a href='?page_no=51013'>51013<\/a><\/li>\n\n    \n\t\n\n<li >\n\t<a href='?page_no=21974'>Next<\/a>\n\t<\/li>\n\n\n    \n\n<li><a href='?page_no=51013'>Last &rsaquo;&rsaquo;<\/a><\/li>\n\n<\/ul>\n\n\n--><br \/>\n<\/body><\/p>\n","protected":false},"excerpt":{"rendered":"<p>Quito, 23 nov (PL) El secretario general de la Uni\u00f3n de Naciones Suramericanas (Unasur), Ernesto Samper, dio hoy la bienvenida al vecindario del Sur a Mauricio Macri, reci\u00e9n electo presidente de Argentina. Tras felicitar a Macri por el triunfo, mediante su cuenta en la red social Twitter, el expresidente colombiano se\u00f1al\u00f3 que la carrera democr\u00e1tica [&hellip;]<\/p>\n","protected":false},"author":3,"featured_media":0,"comment_status":"open","ping_status":"open","sticky":false,"template":"","format":"standard","meta":{"footnotes":""},"categories":[23],"tags":[],"class_list":["post-252328","post","type-post","status-publish","format-standard","hentry","category-internacional"],"_links":{"self":[{"href":"https:\/\/diariodominicano.com\/index.php?rest_route=\/wp\/v2\/posts\/252328","targetHints":{"allow":["GET"]}}],"collection":[{"href":"https:\/\/diariodominicano.com\/index.php?rest_route=\/wp\/v2\/posts"}],"about":[{"href":"https:\/\/diariodominicano.com\/index.php?rest_route=\/wp\/v2\/types\/post"}],"author":[{"embeddable":true,"href":"https:\/\/diariodominicano.com\/index.php?rest_route=\/wp\/v2\/users\/3"}],"replies":[{"embeddable":true,"href":"https:\/\/diariodominicano.com\/index.php?rest_route=%2Fwp%2Fv2%2Fcomments&post=252328"}],"version-history":[{"count":0,"href":"https:\/\/diariodominicano.com\/index.php?rest_route=\/wp\/v2\/posts\/252328\/revisions"}],"wp:attachment":[{"href":"https:\/\/diariodominicano.com\/index.php?rest_route=%2Fwp%2Fv2%2Fmedia&parent=252328"}],"wp:term":[{"taxonomy":"category","embeddable":true,"href":"https:\/\/diariodominicano.com\/index.php?rest_route=%2Fwp%2Fv2%2Fcategories&post=252328"},{"taxonomy":"post_tag","embeddable":true,"href":"https:\/\/diariodominicano.com\/index.php?rest_route=%2Fwp%2Fv2%2Ftags&post=252328"}],"curies":[{"name":"wp","href":"https:\/\/api.w.org\/{rel}","templated":true}]}}