{"id":252326,"date":"2015-11-23T13:37:03","date_gmt":"2015-11-23T13:37:03","guid":{"rendered":"http:\/\/diariodominicano.ddns.net\/?p=252326"},"modified":"2015-11-23T13:37:03","modified_gmt":"2015-11-23T13:37:03","slug":"reino-unido-ocasiona-perdidas-a-ei-en-iraq-con-ataques-aereos","status":"publish","type":"post","link":"https:\/\/diariodominicano.com\/?p=252326","title":{"rendered":"Reino Unido ocasiona p\u00e9rdidas a EI en Iraq con ataques a\u00e9reos\t &#13;"},"content":{"rendered":"<p><body><\/p>\n<p><img decoding=\"async\" src=\"img3\/aviones-reinounido.jpg\" \/>  <\/p>\n<\/p>\n<p><span class=\"text1noticias\">\u00abLos terroristas del EI en Iraq sufrieron varias p\u00e9rdidas tras los ataques a\u00e9reos de precisi\u00f3n realizados por la Real Fuerza A\u00e9rea\u00bb, indic\u00f3 la entidad en un comunicado.<\/span><\/p>\n<\/p>\n<p><span class=\"text1noticias\">Como parte de la coalici\u00f3n internacional que combate a esa organizaci\u00f3n, la fuerza a\u00e9rea mantuvo misiones intensivas de reconocimiento y atac\u00f3 a varios objetivos, agreg\u00f3 la nota.<\/span><\/p>\n<\/p>\n<p><span class=\"text1noticias\">Entre las acciones mencion\u00f3 ataques contra un dep\u00f3sito de armas, varios controles de carretera, y un almac\u00e9n de explosivos.<\/span><\/p>\n<\/p>\n<p><span class=\"text1noticias\">La naci\u00f3n brit\u00e1nica se uni\u00f3 hace m\u00e1s de un a\u00f1o a la coalici\u00f3n internacional contra el EI y, por el momento, solo interviene en Iraq.<\/span><\/p>\n<\/p>\n<p><span class=\"text1noticias\">En los \u00faltimos meses el gobierno ha manifestado la intenci\u00f3n de pedir a la C\u00e1mara de los Comunes autorizaci\u00f3n para extender sus operaciones a Siria, un prop\u00f3sito ratificado tras los atentados en Par\u00eds ejecutados por el EI con un saldo de 130 muertos, seg\u00fan declaraciones del primer ministro, David Cameron.<\/span><\/p>\n<\/p>\n<p><span class=\"text1noticias\">Una encuesta revel\u00f3 hoy que el 60 por ciento de la poblaci\u00f3n brit\u00e1nica apoya ampliar a Siria los bombardeos y el 68 por ciento est\u00e1 a favor de que la Organizaci\u00f3n de Naciones Unidas despliegue sus tropas para combatir al EI.<\/span><\/p>\n<\/p>\n<p><span class=\"text1noticias\">Aunque ahora las potencias europeas y Estados Unidos se aprestan a enfrentar a ese grupo, uno de los que operan en la oposici\u00f3n en Siria, en los \u00faltimos a\u00f1os han brindado apoyo a conjuntos armados que buscan derrocar al presidente constitucional, Bashar al Assad.<\/span><\/p>\n<\/p>\n<p><span class=\"text1noticias\">El respaldo incluy\u00f3 acciones como el env\u00edo de armas y de equipamiento diverso, as\u00ed como entrenamiento a combatientes.<\/span><\/p>\n<\/p>\n<h6> 2015-11-23 13:37:03 <\/h6>\n<p><!--\n<link rel=\"stylesheet\" href=\"css\/bootstrap.min.css\">\n\n\n<ul class=\"pagination\">\n\t    \n\t\n\n<li >\n\t<a href='?page_no=21970'>Previous<\/a>\n\t<\/li>\n\n\n       \n    \n\n<li><a href='?page_no=1'>1<\/a><\/li>\n\n\n\n<li><a href='?page_no=2'>2<\/a><\/li>\n\n\n\n<li><a>...<\/a><\/li>\n\n\n\n<li><a href='?page_no=21969'>21969<\/a><\/li>\n\n\n\n<li><a href='?page_no=21970'>21970<\/a><\/li>\n\n\n\n<li class='active'><a>21971<\/a><\/li>\n\n\n\n<li><a href='?page_no=21972'>21972<\/a><\/li>\n\n\n\n<li><a href='?page_no=21973'>21973<\/a><\/li>\n\n\n\n<li><a>...<\/a><\/li>\n\n\n\n<li><a href='?page_no=51012'>51012<\/a><\/li>\n\n\n\n<li><a href='?page_no=51013'>51013<\/a><\/li>\n\n    \n\t\n\n<li >\n\t<a href='?page_no=21972'>Next<\/a>\n\t<\/li>\n\n\n    \n\n<li><a href='?page_no=51013'>Last &rsaquo;&rsaquo;<\/a><\/li>\n\n<\/ul>\n\n\n--><br \/>\n<\/body><\/p>\n","protected":false},"excerpt":{"rendered":"<p>\u00abLos terroristas del EI en Iraq sufrieron varias p\u00e9rdidas tras los ataques a\u00e9reos de precisi\u00f3n realizados por la Real Fuerza A\u00e9rea\u00bb, indic\u00f3 la entidad en un comunicado. Como parte de la coalici\u00f3n internacional que combate a esa organizaci\u00f3n, la fuerza a\u00e9rea mantuvo misiones intensivas de reconocimiento y atac\u00f3 a varios objetivos, agreg\u00f3 la nota. Entre [&hellip;]<\/p>\n","protected":false},"author":3,"featured_media":0,"comment_status":"open","ping_status":"open","sticky":false,"template":"","format":"standard","meta":{"footnotes":""},"categories":[23],"tags":[],"class_list":["post-252326","post","type-post","status-publish","format-standard","hentry","category-internacional"],"_links":{"self":[{"href":"https:\/\/diariodominicano.com\/index.php?rest_route=\/wp\/v2\/posts\/252326","targetHints":{"allow":["GET"]}}],"collection":[{"href":"https:\/\/diariodominicano.com\/index.php?rest_route=\/wp\/v2\/posts"}],"about":[{"href":"https:\/\/diariodominicano.com\/index.php?rest_route=\/wp\/v2\/types\/post"}],"author":[{"embeddable":true,"href":"https:\/\/diariodominicano.com\/index.php?rest_route=\/wp\/v2\/users\/3"}],"replies":[{"embeddable":true,"href":"https:\/\/diariodominicano.com\/index.php?rest_route=%2Fwp%2Fv2%2Fcomments&post=252326"}],"version-history":[{"count":0,"href":"https:\/\/diariodominicano.com\/index.php?rest_route=\/wp\/v2\/posts\/252326\/revisions"}],"wp:attachment":[{"href":"https:\/\/diariodominicano.com\/index.php?rest_route=%2Fwp%2Fv2%2Fmedia&parent=252326"}],"wp:term":[{"taxonomy":"category","embeddable":true,"href":"https:\/\/diariodominicano.com\/index.php?rest_route=%2Fwp%2Fv2%2Fcategories&post=252326"},{"taxonomy":"post_tag","embeddable":true,"href":"https:\/\/diariodominicano.com\/index.php?rest_route=%2Fwp%2Fv2%2Ftags&post=252326"}],"curies":[{"name":"wp","href":"https:\/\/api.w.org\/{rel}","templated":true}]}}