{"id":252321,"date":"2015-11-24T12:21:03","date_gmt":"2015-11-24T12:21:03","guid":{"rendered":"http:\/\/diariodominicano.ddns.net\/?p=252321"},"modified":"2015-11-24T12:21:03","modified_gmt":"2015-11-24T12:21:03","slug":"maxima-alerta-en-kenya-por-inminente-arribo-del-papa-francisco","status":"publish","type":"post","link":"https:\/\/diariodominicano.com\/?p=252321","title":{"rendered":"&#13;M\u00e1xima alerta en Kenya por inminente arribo del papa Francisco\t &#13;"},"content":{"rendered":"<p><body><\/p>\n<p><img decoding=\"async\" src=\"img3\/papa_franciscooo.jpg\" \/>  <\/p>\n<\/p>\n<p><span class=\"text1noticias\">Nairobi, 24 nov (PL) Unos 10 mil integrantes de las fuerzas de seguridad de Kenya entraron hoy en estado de m\u00e1xima alerta para garantizar la seguridad del papa Francisco, quien llegar\u00e1 ma\u00f1ana, inform\u00f3 el portavoz oficial Manoah Esipisu.<\/span><\/p>\n<\/p>\n<p><span class=\"text1noticias\">La visita del Sumo Pont\u00edfice a este pa\u00eds ser\u00e1 de poco m\u00e1s de 46 horas, e inmediatamente despu\u00e9s de su arribo al aeropuerto capitalino se reunir\u00e1 en privado con presidente Uhuru Kenyatta, seg\u00fan la Oficina de Prensa de la Santa Sede.<\/span><\/p>\n<\/p>\n<p><span class=\"text1noticias\">Posteriormente sostendr\u00e1 un encuentro con otras autoridades kenianas y el cuerpo diplom\u00e1tico acreditado en la naci\u00f3n, ante quienes pronunciar\u00e1 un discurso.<\/span><\/p>\n<\/p>\n<p><span class=\"text1noticias\">De esta manera el m\u00e1ximo jerarca de la Iglesia cat\u00f3lica iniciar\u00e1 la visita pastoral a \u00c1frica, recorrido que se extender\u00e1 hasta el lunes 30 de este mes y que comprender\u00e1 adem\u00e1s, Uganda y Rep\u00fablica Centroafricana.<\/span><\/p>\n<\/p>\n<p><span class=\"text1noticias\">En los tres pa\u00edses pronunciar\u00e1 19 discursos, y se reunir\u00e1 con la comunidad cat\u00f3lica, musulmanes y los evang\u00e9licos.<\/span><\/p>\n<\/p>\n<p><span class=\"text1noticias\">El Gobierno de Kenya decret\u00f3 el pr\u00f3ximo jueves 26 como d\u00eda festivo nacional, porque ser\u00e1 la fecha de la Homil\u00eda del Papa en el Campus de la Universidad de Nairobi.<\/span><\/p>\n<\/p>\n<p><span class=\"text1noticias\">Pasado ma\u00f1ana el Papa Francisco pronunciar\u00e1 discursos ante un auditorio interreligioso y ecum\u00e9nico en la capitalina Nunciatura Apost\u00f3lica y ante el clero, religiosas, religiosos y seminaristas en el campo deportivo de la St Mary\u00b4s School, entre otras actividades.<\/span><\/p>\n<\/p>\n<p><span class=\"text1noticias\">La agenda en este pa\u00eds prev\u00e9 para el viernes -fecha final de su estancia en esta capital- intercambios con los obispos de Kenya.<\/span><\/p>\n<\/p>\n<p><span class=\"text1noticias\">Tambi\u00e9n pronunciar\u00e1 discursos en el Estadio Kasarani y en el suburbio pobre de Kangemi, donde viven en condiciones de miseria casi un cuarto de mill\u00f3n de personas.<\/span><\/p>\n<\/p>\n<p><span class=\"text1noticias\">La visita del Papa adquiere la condici\u00f3n de m\u00e1ximo riesgo y requiere un dispositivo extraordinario de seguridad debido a la gran cantidad de actividades p\u00fablicas previstas entre las autoridades kenianas y el Vaticano, alert\u00f3 Esipisu.<\/span><\/p>\n<\/p>\n<p><span class=\"text1noticias\">Las prevenciones extraordinarias condicionar\u00e1n durante dos d\u00edas el desarrollo de la vida cotidiana capitalina.<\/span><\/p>\n<\/p>\n<p><span class=\"text1noticias\">Cerca de mill\u00f3n y medio de personas provenientes de todo el pa\u00eds, un 10 por ciento de los cat\u00f3licos kenianos, asistir\u00e1n a las misas y a los discursos que pronunciar\u00e1 en esta capital el Sumo Pont\u00edfice, seg\u00fan el responsable de la visita apost\u00f3lica, monse\u00f1or Alfred Rotich.<\/span><\/p>\n<h6> 2015-11-24 12:21:03 <\/h6>\n<p><!--\n<link rel=\"stylesheet\" href=\"css\/bootstrap.min.css\">\n\n\n<ul class=\"pagination\">\n\t    \n\t\n\n<li >\n\t<a href='?page_no=21965'>Previous<\/a>\n\t<\/li>\n\n\n       \n    \n\n<li><a href='?page_no=1'>1<\/a><\/li>\n\n\n\n<li><a href='?page_no=2'>2<\/a><\/li>\n\n\n\n<li><a>...<\/a><\/li>\n\n\n\n<li><a href='?page_no=21964'>21964<\/a><\/li>\n\n\n\n<li><a href='?page_no=21965'>21965<\/a><\/li>\n\n\n\n<li class='active'><a>21966<\/a><\/li>\n\n\n\n<li><a href='?page_no=21967'>21967<\/a><\/li>\n\n\n\n<li><a href='?page_no=21968'>21968<\/a><\/li>\n\n\n\n<li><a>...<\/a><\/li>\n\n\n\n<li><a href='?page_no=51012'>51012<\/a><\/li>\n\n\n\n<li><a href='?page_no=51013'>51013<\/a><\/li>\n\n    \n\t\n\n<li >\n\t<a href='?page_no=21967'>Next<\/a>\n\t<\/li>\n\n\n    \n\n<li><a href='?page_no=51013'>Last &rsaquo;&rsaquo;<\/a><\/li>\n\n<\/ul>\n\n\n--><br \/>\n<\/body><\/p>\n","protected":false},"excerpt":{"rendered":"<p>Nairobi, 24 nov (PL) Unos 10 mil integrantes de las fuerzas de seguridad de Kenya entraron hoy en estado de m\u00e1xima alerta para garantizar la seguridad del papa Francisco, quien llegar\u00e1 ma\u00f1ana, inform\u00f3 el portavoz oficial Manoah Esipisu. La visita del Sumo Pont\u00edfice a este pa\u00eds ser\u00e1 de poco m\u00e1s de 46 horas, e inmediatamente [&hellip;]<\/p>\n","protected":false},"author":3,"featured_media":0,"comment_status":"open","ping_status":"open","sticky":false,"template":"","format":"standard","meta":{"footnotes":""},"categories":[23],"tags":[],"class_list":["post-252321","post","type-post","status-publish","format-standard","hentry","category-internacional"],"_links":{"self":[{"href":"https:\/\/diariodominicano.com\/index.php?rest_route=\/wp\/v2\/posts\/252321","targetHints":{"allow":["GET"]}}],"collection":[{"href":"https:\/\/diariodominicano.com\/index.php?rest_route=\/wp\/v2\/posts"}],"about":[{"href":"https:\/\/diariodominicano.com\/index.php?rest_route=\/wp\/v2\/types\/post"}],"author":[{"embeddable":true,"href":"https:\/\/diariodominicano.com\/index.php?rest_route=\/wp\/v2\/users\/3"}],"replies":[{"embeddable":true,"href":"https:\/\/diariodominicano.com\/index.php?rest_route=%2Fwp%2Fv2%2Fcomments&post=252321"}],"version-history":[{"count":0,"href":"https:\/\/diariodominicano.com\/index.php?rest_route=\/wp\/v2\/posts\/252321\/revisions"}],"wp:attachment":[{"href":"https:\/\/diariodominicano.com\/index.php?rest_route=%2Fwp%2Fv2%2Fmedia&parent=252321"}],"wp:term":[{"taxonomy":"category","embeddable":true,"href":"https:\/\/diariodominicano.com\/index.php?rest_route=%2Fwp%2Fv2%2Fcategories&post=252321"},{"taxonomy":"post_tag","embeddable":true,"href":"https:\/\/diariodominicano.com\/index.php?rest_route=%2Fwp%2Fv2%2Ftags&post=252321"}],"curies":[{"name":"wp","href":"https:\/\/api.w.org\/{rel}","templated":true}]}}