{"id":252318,"date":"2015-11-24T12:42:42","date_gmt":"2015-11-24T12:42:42","guid":{"rendered":"http:\/\/diariodominicano.ddns.net\/?p=252318"},"modified":"2015-11-24T12:42:42","modified_gmt":"2015-11-24T12:42:42","slug":"descarta-mujica-postularse-para-comicios-presidenciales-uruguayos","status":"publish","type":"post","link":"https:\/\/diariodominicano.com\/?p=252318","title":{"rendered":"&#13;Descarta Mujica postularse para comicios presidenciales uruguayos"},"content":{"rendered":"<p><body><\/p>\n<p><img decoding=\"async\" src=\"img3\/mujica.jpg\" \/>  <\/p>\n<\/p>\n<\/p>\n<\/p>\n<p><span class=\"text1noticias\">Montevideo, 24 nov (PL) El ex mandatario uruguayo Jos\u00e9 Mujica desestim\u00f3 hoy presentarse como candidato presidencial para las pr\u00f3ximas elecciones y ratific\u00f3 su salida del Senado en el venidero abril para trabajar en la renovaci\u00f3n del Frente Amplio (FA).<\/span><\/p>\n<\/p>\n<p><span class=\"text1noticias\">\u00abDebo declarar enf\u00e1ticamente para que no se sigan equivocando amigos y adversarios: no ser\u00e9 candidato presidencial para las pr\u00f3ximas elecciones, si estoy vivo y estoy sano\u00bb, declar\u00f3 en su audici\u00f3n radial de M24.<\/span><\/p>\n<\/p>\n<p><span class=\"text1noticias\">El actual legislador precis\u00f3 que si le queda algo de fuerza \u00ablo dedicar\u00e1 a favor de proyectar nuevos compa\u00f1eros, m\u00e1s j\u00f3venes\u00bb, que existen por todas partes para \u00abdarles oportunidades y proyecci\u00f3n\u00bb.<\/span><\/p>\n<\/p>\n<p><span class=\"text1noticias\">Debo decirlo para evitar lamentables y tristes confusiones que no ayudan al pa\u00eds y tampoco al FA, dijo el ex gobernante y a\u00f1adi\u00f3 en modo ir\u00f3nico que no va \u00aba estar en ese baile si estoy vivo\u00bb.<\/span><\/p>\n<\/p>\n<p><span class=\"text1noticias\">Mujica ratific\u00f3 que en abril renunciar\u00e1 al Parlamento con la idea de tratar de contribuir a su renovaci\u00f3n con gente joven, \u00abporque se precisa renovar, incorporar sangre m\u00e1s joven\u00bb, subray\u00f3.<\/span><\/p>\n<\/p>\n<p><span class=\"text1noticias\">Me voy a dedicar en cuerpo y alma a impulsar la renovaci\u00f3n del Frente Amplio con todas mis fuerzas, esperanzas y con todos mis \u00faltimos sue\u00f1os, remarc\u00f3.<\/span><\/p>\n<\/p>\n<p><span class=\"text1noticias\">No estar\u00e9 en la disputa de esa presidencia, \u00ablas pocas fuerzas que me quedan las dedicar\u00e9 a la idea de renovaci\u00f3n\u00bb, enfatiz\u00f3.<\/span><\/p>\n<\/p>\n<p><span class=\"text1noticias\">El ex presidente asegur\u00f3 que con 80 a\u00f1os cumplidos ayudar\u00e1 en todo lo posible a que se vaya procesando una joven nomenclatura que pueda en el futuro representar a la organizaci\u00f3n pol\u00edtica.<\/span><\/p>\n<\/p>\n<p><span class=\"text1noticias\">Tiene que haber solidaridad intergeneracional en una causa que es de largo aliento porque la vida pasa pero la causa queda, por eso \u00abestos esfuerzos son colectivos y hay que entender a tiempo la idea de renovaci\u00f3n por construcci\u00f3n deliberada y paciente\u00bb, concluy\u00f3<\/span><\/p>\n<h6> 2015-11-24 12:42:42 <\/h6>\n<p><!--\n<link rel=\"stylesheet\" href=\"css\/bootstrap.min.css\">\n\n\n<ul class=\"pagination\">\n\t    \n\t\n\n<li >\n\t<a href='?page_no=21962'>Previous<\/a>\n\t<\/li>\n\n\n       \n    \n\n<li><a href='?page_no=1'>1<\/a><\/li>\n\n\n\n<li><a href='?page_no=2'>2<\/a><\/li>\n\n\n\n<li><a>...<\/a><\/li>\n\n\n\n<li><a href='?page_no=21961'>21961<\/a><\/li>\n\n\n\n<li><a href='?page_no=21962'>21962<\/a><\/li>\n\n\n\n<li class='active'><a>21963<\/a><\/li>\n\n\n\n<li><a href='?page_no=21964'>21964<\/a><\/li>\n\n\n\n<li><a href='?page_no=21965'>21965<\/a><\/li>\n\n\n\n<li><a>...<\/a><\/li>\n\n\n\n<li><a href='?page_no=51012'>51012<\/a><\/li>\n\n\n\n<li><a href='?page_no=51013'>51013<\/a><\/li>\n\n    \n\t\n\n<li >\n\t<a href='?page_no=21964'>Next<\/a>\n\t<\/li>\n\n\n    \n\n<li><a href='?page_no=51013'>Last &rsaquo;&rsaquo;<\/a><\/li>\n\n<\/ul>\n\n\n--><br \/>\n<\/body><\/p>\n","protected":false},"excerpt":{"rendered":"<p>Montevideo, 24 nov (PL) El ex mandatario uruguayo Jos\u00e9 Mujica desestim\u00f3 hoy presentarse como candidato presidencial para las pr\u00f3ximas elecciones y ratific\u00f3 su salida del Senado en el venidero abril para trabajar en la renovaci\u00f3n del Frente Amplio (FA). \u00abDebo declarar enf\u00e1ticamente para que no se sigan equivocando amigos y adversarios: no ser\u00e9 candidato presidencial [&hellip;]<\/p>\n","protected":false},"author":3,"featured_media":0,"comment_status":"open","ping_status":"open","sticky":false,"template":"","format":"standard","meta":{"footnotes":""},"categories":[23],"tags":[],"class_list":["post-252318","post","type-post","status-publish","format-standard","hentry","category-internacional"],"_links":{"self":[{"href":"https:\/\/diariodominicano.com\/index.php?rest_route=\/wp\/v2\/posts\/252318","targetHints":{"allow":["GET"]}}],"collection":[{"href":"https:\/\/diariodominicano.com\/index.php?rest_route=\/wp\/v2\/posts"}],"about":[{"href":"https:\/\/diariodominicano.com\/index.php?rest_route=\/wp\/v2\/types\/post"}],"author":[{"embeddable":true,"href":"https:\/\/diariodominicano.com\/index.php?rest_route=\/wp\/v2\/users\/3"}],"replies":[{"embeddable":true,"href":"https:\/\/diariodominicano.com\/index.php?rest_route=%2Fwp%2Fv2%2Fcomments&post=252318"}],"version-history":[{"count":0,"href":"https:\/\/diariodominicano.com\/index.php?rest_route=\/wp\/v2\/posts\/252318\/revisions"}],"wp:attachment":[{"href":"https:\/\/diariodominicano.com\/index.php?rest_route=%2Fwp%2Fv2%2Fmedia&parent=252318"}],"wp:term":[{"taxonomy":"category","embeddable":true,"href":"https:\/\/diariodominicano.com\/index.php?rest_route=%2Fwp%2Fv2%2Fcategories&post=252318"},{"taxonomy":"post_tag","embeddable":true,"href":"https:\/\/diariodominicano.com\/index.php?rest_route=%2Fwp%2Fv2%2Ftags&post=252318"}],"curies":[{"name":"wp","href":"https:\/\/api.w.org\/{rel}","templated":true}]}}