{"id":252316,"date":"2015-11-24T13:03:45","date_gmt":"2015-11-24T13:03:45","guid":{"rendered":"http:\/\/diariodominicano.ddns.net\/?p=252316"},"modified":"2015-11-24T13:03:45","modified_gmt":"2015-11-24T13:03:45","slug":"candidata-presidencial-peruana-plantea-ley-contra-monopolio-de-prensa","status":"publish","type":"post","link":"https:\/\/diariodominicano.com\/?p=252316","title":{"rendered":"Candidata presidencial peruana plantea ley contra monopolio de prensa"},"content":{"rendered":"<p><body><\/p>\n<p><img decoding=\"async\" src=\"img3\/veronikamendoza.jpg\" \/>  <\/p>\n<p><span class=\"text1noticias\">  <\/span><\/p>\n<p><span class=\"text1noticias\">Lima, 24 nov (PL) La candidata presidencial de izquierda de Per\u00fa Ver\u00f3nika Mendoza plante\u00f3 hoy la necesidad de una ley contra la concentraci\u00f3n de los medios privados de comunicaci\u00f3n y de la democratizaci\u00f3n en este terreno.<\/span><\/p>\n<\/p>\n<p><span class=\"text1noticias\">\u00abLa alta concentraci\u00f3n del mercado de los medios en nuestro pa\u00eds es incompatible con la riqueza de la vida democr\u00e1tica\u00bb, se\u00f1al\u00f3 Mendoza en un conversatorio en la Universidad Cat\u00f3lica de Lima, y se\u00f1al\u00f3 que impulsar\u00e1 una ley antimonopolios.<\/span><\/p>\n<\/p>\n<p><span class=\"text1noticias\">Se\u00f1al\u00f3 que en diversos pa\u00edses existen normas exitosas que limitan la concentraci\u00f3n de la propiedad de medios de prensa, de la audiencia, del mercado publicitario y otros aspectos.<\/span><\/p>\n<\/p>\n<p><span class=\"text1noticias\">Agreg\u00f3 la necesidad de impulsar y fortalecer los medios comunitarios, emisoras locales, emisoras ind\u00edgenas y campesinas, as\u00ed como la producci\u00f3n audiovisual independiente que no tiene acceso al mercado televisivo.<\/span><\/p>\n<\/p>\n<p><span class=\"text1noticias\">Critic\u00f3 que no se aplique la legislaci\u00f3n que da prioridad a los medios comunitarios en el otorgamiento de frecuencias, debido a que estas se adjudican en subastas que ganan quienes tienen m\u00e1s dinero.<\/span><\/p>\n<\/p>\n<p><span class=\"text1noticias\">La candidata del Frente Amplio, uno de los bloques de izquierda que actualmente buscan unirse para las elecciones generales de abril de 2016, dijo igualmente que impulsar\u00e1 la creaci\u00f3n de un organismo regulador aut\u00f3nomo para el otorgamiento y la renovaci\u00f3n de frecuencias de radio y televisi\u00f3n.<\/span><\/p>\n<\/p>\n<p><span class=\"text1noticias\">Mendoza expuso su posici\u00f3n en medio de una persistente pol\u00e9mica, que ha dado lugar a una demande judicial hecha por un grupo de periodistas, sobre la creciente concentraci\u00f3n de medios de comunicaci\u00f3n en manos del grupo empresarial conservador formado en torno al diario El Comercio.<\/span><\/p>\n<\/p>\n<p><span class=\"text1noticias\">El grupo suma dos cadenas nacionales de diarios, diversas revistas y otras publicaciones, un canal de cable de nivel nacional, otra cadena de televisi\u00f3n de se\u00f1al abierta, y se estima que concentra m\u00e1s de 80 por ciento del sector.<\/span><\/p>\n<\/p>\n<\/p>\n<\/p>\n<\/p>\n<\/p>\n<h6> 2015-11-24 13:03:45 <\/h6>\n<p><!--\n<link rel=\"stylesheet\" href=\"css\/bootstrap.min.css\">\n\n\n<ul class=\"pagination\">\n\t    \n\t\n\n<li >\n\t<a href='?page_no=21960'>Previous<\/a>\n\t<\/li>\n\n\n       \n    \n\n<li><a href='?page_no=1'>1<\/a><\/li>\n\n\n\n<li><a href='?page_no=2'>2<\/a><\/li>\n\n\n\n<li><a>...<\/a><\/li>\n\n\n\n<li><a href='?page_no=21959'>21959<\/a><\/li>\n\n\n\n<li><a href='?page_no=21960'>21960<\/a><\/li>\n\n\n\n<li class='active'><a>21961<\/a><\/li>\n\n\n\n<li><a href='?page_no=21962'>21962<\/a><\/li>\n\n\n\n<li><a href='?page_no=21963'>21963<\/a><\/li>\n\n\n\n<li><a>...<\/a><\/li>\n\n\n\n<li><a href='?page_no=51012'>51012<\/a><\/li>\n\n\n\n<li><a href='?page_no=51013'>51013<\/a><\/li>\n\n    \n\t\n\n<li >\n\t<a href='?page_no=21962'>Next<\/a>\n\t<\/li>\n\n\n    \n\n<li><a href='?page_no=51013'>Last &rsaquo;&rsaquo;<\/a><\/li>\n\n<\/ul>\n\n\n--><br \/>\n<\/body><\/p>\n","protected":false},"excerpt":{"rendered":"<p>Lima, 24 nov (PL) La candidata presidencial de izquierda de Per\u00fa Ver\u00f3nika Mendoza plante\u00f3 hoy la necesidad de una ley contra la concentraci\u00f3n de los medios privados de comunicaci\u00f3n y de la democratizaci\u00f3n en este terreno. \u00abLa alta concentraci\u00f3n del mercado de los medios en nuestro pa\u00eds es incompatible con la riqueza de la vida [&hellip;]<\/p>\n","protected":false},"author":3,"featured_media":0,"comment_status":"open","ping_status":"open","sticky":false,"template":"","format":"standard","meta":{"footnotes":""},"categories":[23],"tags":[],"class_list":["post-252316","post","type-post","status-publish","format-standard","hentry","category-internacional"],"_links":{"self":[{"href":"https:\/\/diariodominicano.com\/index.php?rest_route=\/wp\/v2\/posts\/252316","targetHints":{"allow":["GET"]}}],"collection":[{"href":"https:\/\/diariodominicano.com\/index.php?rest_route=\/wp\/v2\/posts"}],"about":[{"href":"https:\/\/diariodominicano.com\/index.php?rest_route=\/wp\/v2\/types\/post"}],"author":[{"embeddable":true,"href":"https:\/\/diariodominicano.com\/index.php?rest_route=\/wp\/v2\/users\/3"}],"replies":[{"embeddable":true,"href":"https:\/\/diariodominicano.com\/index.php?rest_route=%2Fwp%2Fv2%2Fcomments&post=252316"}],"version-history":[{"count":0,"href":"https:\/\/diariodominicano.com\/index.php?rest_route=\/wp\/v2\/posts\/252316\/revisions"}],"wp:attachment":[{"href":"https:\/\/diariodominicano.com\/index.php?rest_route=%2Fwp%2Fv2%2Fmedia&parent=252316"}],"wp:term":[{"taxonomy":"category","embeddable":true,"href":"https:\/\/diariodominicano.com\/index.php?rest_route=%2Fwp%2Fv2%2Fcategories&post=252316"},{"taxonomy":"post_tag","embeddable":true,"href":"https:\/\/diariodominicano.com\/index.php?rest_route=%2Fwp%2Fv2%2Ftags&post=252316"}],"curies":[{"name":"wp","href":"https:\/\/api.w.org\/{rel}","templated":true}]}}