{"id":252312,"date":"2015-11-24T17:19:43","date_gmt":"2015-11-24T17:19:43","guid":{"rendered":"http:\/\/diariodominicano.ddns.net\/?p=252312"},"modified":"2015-11-24T17:19:43","modified_gmt":"2015-11-24T17:19:43","slug":"divulgan-video-de-joven-negro-que-murio-por-16-disparos-de-policia-blanco","status":"publish","type":"post","link":"https:\/\/diariodominicano.com\/?p=252312","title":{"rendered":"&#13;&#13;Divulgan v\u00eddeo de joven negro que muri\u00f3 por 16 disparos de polic\u00eda blanco"},"content":{"rendered":"<p><body><\/p>\n<p><img decoding=\"async\" src=\"img3\/chicago-policia-tiroteo.jpg\" \/>  <\/p>\n<\/p>\n<p>mi\u00e9rcoles, 25 de noviembre de 2015 &#8211; 12:35 AM<\/p>\n<p>Por Agencia EFE<\/p>\n<\/p>\n<\/p>\n<p>Policia blanco dispara hombre negro chicago <\/p>\n<p>El joven McDonald, de 17 a\u00f1os, result\u00f3 muerto el 20 de octubre de 2014 tras un encuentro con el agente Van Dyke, de la Polic\u00eda de Chicago y que asegur\u00f3 que en el momento de su fallecimiento iba armado con un cuchillo. (AP)<\/p>\n<p>Washington, 24 de Noviembre de 2015.- Cientos de personas salieron hoy a protestar por las calles de Chicago tras divulgarse el v\u00eddeo de la muerte de un joven negro al que un veterano polic\u00eda blanco dispar\u00f3 16 veces en un incidente ocurrido hace un a\u00f1o.<\/p>\n<\/p>\n<p>Varios de los manifestantes gritaban \u00ab16 disparos\u00bb, en referencia a los balazos recibidos por Laquean McDonald, de 17 a\u00f1os, y otros increpaban a los agentes encargados de evitar disturbios, seg\u00fan mostraron las televisiones.<\/p>\n<\/p>\n<p>Las autoridades judiciales de Chicago anunciaron el procesamiento por asesinato del veterano polic\u00eda blanco Jason Van Dyke, presunto autor de los disparos contra el joven.<\/p>\n<\/p>\n<p>Van Dyke, de 37 a\u00f1os, se entreg\u00f3 por la ma\u00f1ana a las autoridades y est\u00e1 pendiente de comparecer en un vista judicial para decidir si se le concede la libertad condicional.<\/p>\n<\/p>\n<p>El joven McDonald, de 17 a\u00f1os, result\u00f3 muerto el 20 de octubre de 2014 tras un encuentro con el agente Van Dyke, de la Polic\u00eda de Chicago y que asegur\u00f3 que en el momento de su fallecimiento iba armado con un cuchillo.<\/p>\n<\/p>\n<p>La fiscal del condado de Cook, la hispana Anita \u00c1lvarez, afirm\u00f3 hoy en una rueda de prensa que los cargos presentados contra el polic\u00eda se basan en los disparos que presuntamente hizo a McDonald cuando la v\u00edctima no supon\u00eda una amenaza y estaba ya en el suelo.<\/p>\n<\/p>\n<p>\u00c1lvarez tambi\u00e9n dijo que, debido a que es responsabilidad de las autoridades preservar la paz de la comunidad, prefirieron anunciar el procesamiento del polic\u00eda antes de divulgar el v\u00eddeo del incidente.<\/p>\n<\/p>\n<p>En el v\u00eddeo, dado a conocer a \u00faltima hora de este martes, se ve a McDonald corriendo, aparentemente alej\u00e1ndose de un grupo de agentes, cuando es disparado por primera vez.<\/p>\n<\/p>\n<p>Despu\u00e9s se ve al joven tendido en el suelo, donde aparentemente recibe varios disparos m\u00e1s, y un oficial no identificado se acerca y patea un peque\u00f1o cuchillo que McDonald sosten\u00eda en su mano.<\/p>\n<\/p>\n<p>La polic\u00eda argumenta que Van Dyke dispar\u00f3 al temer por su vida y a\u00f1ade que McDonald, en cuya autopsia se encontraron indicios de que pudo haber consumido drogas, se comportaba de manera err\u00e1tica y que no atendi\u00f3 a las ordenes de los agentes para que soltara el cuchillo.<\/p>\n<\/p>\n<p>Antes de la difusi\u00f3n del v\u00eddeo y anticipando posibles protestas, el alcalde de Chicago, Rahm Emanuel, y el Superintendente de la Polic\u00eda, Garry McCarthy, llamaron a la calma a los ciudadanos durante una conferencia de prensa.<\/p>\n<\/p>\n<p>Este es el primer caso en 35 a\u00f1os en la ciudad de Chicago en que un polic\u00eda es acusado de asesinato debido a un incidente ocurrido cuando estaba de servicio.<\/p>\n<\/p>\n<\/p>\n<p><strong>Acusan de asesinato a un polic\u00eda por matar a un joven negro en Chicago<\/strong><\/p>\n<\/p>\n<p>En un video se ve al agente salir de su patrulla y disparar inmediatamente al adolescente de forma repetida<\/p>\n<p>martes, 24 de noviembre de 2015 &#8211; 5:47 PM<\/p>\n<\/p>\n<p>Por Agencia EFE<\/p>\n<\/p>\n<p>El agente implicado en el incidente, Jason Van Dyke, de 37 a\u00f1os, se entreg\u00f3 esta ma\u00f1ana a las autoridades. (Antonio P\u00e9rez \/ Chicago Tribune via AP)<\/p>\n<p>Washington &#8211; Las autoridades judiciales de Chicago anunciaron hoy el procesamiento por asesinato de un veterano polic\u00eda blanco por la muerte de un joven negro al que dispar\u00f3 16 balazos en un incidente ocurrido hace un a\u00f1o y que fue grabado en video.<\/p>\n<\/p>\n<p>El agente implicado en el incidente, Jason Van Dyke, de 37 a\u00f1os, se entreg\u00f3 esta ma\u00f1ana a las autoridades y est\u00e1 pendiente de comparecer en una vista judicial para decidir si se le concede la libertad condicional.<\/p>\n<\/p>\n<p>Laquean McDonald, de 17 a\u00f1os, result\u00f3 muerto el 20 de octubre de 2014 tras un encuentro con el agente de la polic\u00eda de Chicago, que asegur\u00f3 que en el momento de su muerte iba armado con un cuchillo.<\/p>\n<\/p>\n<p>La fiscal del condado de Cook, la hispana Anita \u00c1lvarez, afirm\u00f3 hoy en una rueda de prensa que los cargos presentados contra el polic\u00eda se basan en los disparos que el agente hizo a McDonald cuando la v\u00edctima no supon\u00eda una amenaza y estaba ya en el suelo.<\/p>\n<\/p>\n<p>\u00c1lvarez tambi\u00e9n dijo que debido a que es responsabilidad de las autoridades preservar la paz de la comunidad, prefirieron anunciar el procesamiento del polic\u00eda antes de dar a la luz el video del incidente.<\/p>\n<\/p>\n<p>\u00abEs importante (anunciar el procesamiento) porque el video va estar ma\u00f1ana en todo el mundo, y es importante decir al p\u00fablico que estamos haciendo algo sobre un polic\u00eda que abusa de su poder\u00bb, respondi\u00f3 en la rueda de prensa la fiscal en espa\u00f1ol a una pregunta hecha en esta lengua.<\/p>\n<\/p>\n<p>Los cargos contra el agente Van Dyke llegan despu\u00e9s de que un juez ordenara recientemente que se divulgase el video sobre lo sucedido el a\u00f1o pasado, despu\u00e9s de que los abogados de la familia de la v\u00edctima y la propia comunidad presionaran para que se hiciera.<\/p>\n<\/p>\n<p>Seg\u00fan los abogados de la familia de McDonald, en el video se observa al agente saliendo de su coche patrulla y disparando inmediatamente despu\u00e9s al adolescente de forma repetida, y seguir dispar\u00e1ndole pese a que \u00e9ste ya est\u00e1 inerte en el suelo en postura casi fetal.<\/p>\n<\/p>\n<p>La polic\u00eda, por su parte, argumenta que Van Dyke dispar\u00f3 al temer por su vida y a\u00f1ade que McDonald, en cuya autopsia se encontraron indicios de que pudo haber consumido drogas antes de morir, se comportaba de manera err\u00e1tica y que no atendi\u00f3 a las \u00f3rdenes de los agentes para que soltara el cuchillo.<\/p>\n<\/p>\n<p>Este es el primer caso en 35 a\u00f1os en la ciudad de Chicago en que un polic\u00eda es acusado de asesinato debido a un incidente ocurrido estando de servicio. <\/p>\n<h6> 2015-11-24 17:19:43 <\/h6>\n<p><!--\n<link rel=\"stylesheet\" href=\"css\/bootstrap.min.css\">\n\n\n<ul class=\"pagination\">\n\t    \n\t\n\n<li >\n\t<a href='?page_no=21956'>Previous<\/a>\n\t<\/li>\n\n\n       \n    \n\n<li><a href='?page_no=1'>1<\/a><\/li>\n\n\n\n<li><a href='?page_no=2'>2<\/a><\/li>\n\n\n\n<li><a>...<\/a><\/li>\n\n\n\n<li><a href='?page_no=21955'>21955<\/a><\/li>\n\n\n\n<li><a href='?page_no=21956'>21956<\/a><\/li>\n\n\n\n<li class='active'><a>21957<\/a><\/li>\n\n\n\n<li><a href='?page_no=21958'>21958<\/a><\/li>\n\n\n\n<li><a href='?page_no=21959'>21959<\/a><\/li>\n\n\n\n<li><a>...<\/a><\/li>\n\n\n\n<li><a href='?page_no=51012'>51012<\/a><\/li>\n\n\n\n<li><a href='?page_no=51013'>51013<\/a><\/li>\n\n    \n\t\n\n<li >\n\t<a href='?page_no=21958'>Next<\/a>\n\t<\/li>\n\n\n    \n\n<li><a href='?page_no=51013'>Last &rsaquo;&rsaquo;<\/a><\/li>\n\n<\/ul>\n\n\n--><br \/>\n<\/body><\/p>\n","protected":false},"excerpt":{"rendered":"<p>mi\u00e9rcoles, 25 de noviembre de 2015 &#8211; 12:35 AM Por Agencia EFE Policia blanco dispara hombre negro chicago El joven McDonald, de 17 a\u00f1os, result\u00f3 muerto el 20 de octubre de 2014 tras un encuentro con el agente Van Dyke, de la Polic\u00eda de Chicago y que asegur\u00f3 que en el momento de su fallecimiento [&hellip;]<\/p>\n","protected":false},"author":3,"featured_media":0,"comment_status":"open","ping_status":"open","sticky":false,"template":"","format":"standard","meta":{"footnotes":""},"categories":[23],"tags":[],"class_list":["post-252312","post","type-post","status-publish","format-standard","hentry","category-internacional"],"_links":{"self":[{"href":"https:\/\/diariodominicano.com\/index.php?rest_route=\/wp\/v2\/posts\/252312","targetHints":{"allow":["GET"]}}],"collection":[{"href":"https:\/\/diariodominicano.com\/index.php?rest_route=\/wp\/v2\/posts"}],"about":[{"href":"https:\/\/diariodominicano.com\/index.php?rest_route=\/wp\/v2\/types\/post"}],"author":[{"embeddable":true,"href":"https:\/\/diariodominicano.com\/index.php?rest_route=\/wp\/v2\/users\/3"}],"replies":[{"embeddable":true,"href":"https:\/\/diariodominicano.com\/index.php?rest_route=%2Fwp%2Fv2%2Fcomments&post=252312"}],"version-history":[{"count":0,"href":"https:\/\/diariodominicano.com\/index.php?rest_route=\/wp\/v2\/posts\/252312\/revisions"}],"wp:attachment":[{"href":"https:\/\/diariodominicano.com\/index.php?rest_route=%2Fwp%2Fv2%2Fmedia&parent=252312"}],"wp:term":[{"taxonomy":"category","embeddable":true,"href":"https:\/\/diariodominicano.com\/index.php?rest_route=%2Fwp%2Fv2%2Fcategories&post=252312"},{"taxonomy":"post_tag","embeddable":true,"href":"https:\/\/diariodominicano.com\/index.php?rest_route=%2Fwp%2Fv2%2Ftags&post=252312"}],"curies":[{"name":"wp","href":"https:\/\/api.w.org\/{rel}","templated":true}]}}