{"id":252311,"date":"2015-11-24T19:50:00","date_gmt":"2015-11-24T19:50:00","guid":{"rendered":"http:\/\/diariodominicano.ddns.net\/?p=252311"},"modified":"2015-11-24T19:50:00","modified_gmt":"2015-11-24T19:50:00","slug":"oms-y-de-ops-discuten-temas-claves-que-afectan-a-las-americas-en-brasil","status":"publish","type":"post","link":"https:\/\/diariodominicano.com\/?p=252311","title":{"rendered":"OMS y de OPS discuten temas claves que afectan a las Am\u00e9ricas en Brasil"},"content":{"rendered":"<p><body><\/p>\n<p><img decoding=\"async\" src=\"img3\/chan-etienne-roussef.jpg\" \/>  <\/p>\n<p><span class=\"text1noticias\">Brasilia, 24 de noviembre de 2015 (OPS\/OMS) La Directora General de la Organizaci\u00f3n Mundial de la Salud (OMS), Margaret Chan, y la Directora de la Organizaci\u00f3n Panamericana de la Salud, Carissa F. Etienne, se reunieron con la presidenta de Brasil, Dilma Rousseff, para discutir los principales temas de salud que impactan a varios pa\u00edses de las Am\u00e9ricas.<\/span><\/p>\n<\/p>\n<p><span class=\"text1noticias\">El encuentro, se realiz\u00f3 en el marco de la II Conferencia Mundial de Alto Nivel sobre Seguridad Vial, que reuni\u00f3 a m\u00e1s de 2000 delegados en Brasilia.<\/span><\/p>\n<p><span class=\"text1noticias\"> <\/span><\/p>\n<p><span class=\"text1noticias\">Rousseff agradeci\u00f3 a la OPS\/OMS por su apoyo en organizar esta conferencia y elogi\u00f3 a Chan y a Etienne por el compromiso de la OPS con el programa Mais M\u00e9dicos, que resulta esencial para el \u00e9xito de la iniciativa. Chan reafirm\u00f3 los beneficios mutuos der esta sociedad, con el \u00e9xito de Brasil en sus programas de salud, que ofrece muchas lecciones para la OMS y sus Estados Miembros alrededor del mundo.<\/span><\/p>\n<p><span class=\"text1noticias\"> <\/span><\/p>\n<p><span class=\"text1noticias\">La presidente y el ministro de Salud de Brasil, Marcelo Castro, brindaron una actualizaci\u00f3n de la incidencia del zika, chikungunya y el dengue en Brasil, a Chan, Etienne y al representante de la OPS en Brasil, Joaqu\u00edn Molina, quien tambi\u00e9n particip\u00f3 en el encuentro.<\/span><\/p>\n<\/p>\n<p><span class=\"text1noticias\">Las autoridades brasile\u00f1as destacaron el trabajo que se ha hecho para identificar las causas del aumento de las tasas de microcefalia en el pa\u00eds, particularmente en la regi\u00f3n noroeste. Chan indic\u00f3 que Brasil est\u00e1 tomando todas las medidas necesarias e indic\u00f3 que la OPS\/OMS continuar\u00e1 trabajando de cerca con el gobierno brasile\u00f1o en este tema. Chan, Etienne y Molina se\u00f1alaron que los equipos de la red mundial de alerta y respuesta a brotes (GOARN en su sigla en ingl\u00e9s) est\u00e1 disponible para el pa\u00eds, si as\u00ed lo solicitara.<\/span><\/p>\n<p><span class=\"text1noticias\"> <\/span><\/p>\n<p><span class=\"text1noticias\">La cobertura universal de salud tambi\u00e9n fue tema de conversaci\u00f3n del encuentro. Chan subray\u00f3 los logros obtenidos por el pa\u00eds con su Sistema \u00danico de Sa\u00fade (Sistema de Salud Unificado), y sostuvo que es un ejemplo para otros pa\u00edses que est\u00e1n desarrollando sus pol\u00edticas y estrategias de salud.<\/span><\/p>\n<p><span class=\"text1noticias\"> <\/span><\/p>\n<p><span class=\"text1noticias\">Ambas directoras alentaron a las autoridades a continuar el buen trabajo en seguridad vial y destacaron la importancia de aumentar las medidas para reducir muertes y lesiones. Castro enumer\u00f3 las iniciativas adoptadas en ese sentido en Brasil, que incluyen esfuerzos para restringir la ingesta de alcohol y conducir, as\u00ed como una vigilancia m\u00e1s cercana del uso de asientos para ni\u00f1os en los autos.<\/span><\/p>\n<\/p>\n<p><span class=\"text1noticias\">El ministro de Salud de Brasil invit\u00f3 a Chan y a Etienne a participar en la reuni\u00f3n de alto nivel \u00abNutrici\u00f3n para el Crecimiento: Venciendo al Hambre a trav\u00e9s de Negocios y Ciencia\u00bb, que organizan conjuntamente los gobiernos de Brasil, Reino Unido y la Fundaci\u00f3n para la Inversi\u00f3n en Ni\u00f1os, que se realizar\u00e1 en junio en Londres. El evento es la continuaci\u00f3n de la Cumbre sobre el Hambre de ambos pa\u00edses organizada en Londres, que puso \u00e9nfasis sobre las consecuencias devastadoras de la desnutric<\/span>i\u00f3n.<\/p>\n<h6> 2015-11-24 19:50:00 <\/h6>\n<p><!--\n<link rel=\"stylesheet\" href=\"css\/bootstrap.min.css\">\n\n\n<ul class=\"pagination\">\n\t    \n\t\n\n<li >\n\t<a href='?page_no=21955'>Previous<\/a>\n\t<\/li>\n\n\n       \n    \n\n<li><a href='?page_no=1'>1<\/a><\/li>\n\n\n\n<li><a href='?page_no=2'>2<\/a><\/li>\n\n\n\n<li><a>...<\/a><\/li>\n\n\n\n<li><a href='?page_no=21954'>21954<\/a><\/li>\n\n\n\n<li><a href='?page_no=21955'>21955<\/a><\/li>\n\n\n\n<li class='active'><a>21956<\/a><\/li>\n\n\n\n<li><a href='?page_no=21957'>21957<\/a><\/li>\n\n\n\n<li><a href='?page_no=21958'>21958<\/a><\/li>\n\n\n\n<li><a>...<\/a><\/li>\n\n\n\n<li><a href='?page_no=51012'>51012<\/a><\/li>\n\n\n\n<li><a href='?page_no=51013'>51013<\/a><\/li>\n\n    \n\t\n\n<li >\n\t<a href='?page_no=21957'>Next<\/a>\n\t<\/li>\n\n\n    \n\n<li><a href='?page_no=51013'>Last &rsaquo;&rsaquo;<\/a><\/li>\n\n<\/ul>\n\n\n--><br \/>\n<\/body><\/p>\n","protected":false},"excerpt":{"rendered":"<p>Brasilia, 24 de noviembre de 2015 (OPS\/OMS) La Directora General de la Organizaci\u00f3n Mundial de la Salud (OMS), Margaret Chan, y la Directora de la Organizaci\u00f3n Panamericana de la Salud, Carissa F. Etienne, se reunieron con la presidenta de Brasil, Dilma Rousseff, para discutir los principales temas de salud que impactan a varios pa\u00edses de [&hellip;]<\/p>\n","protected":false},"author":3,"featured_media":0,"comment_status":"open","ping_status":"open","sticky":false,"template":"","format":"standard","meta":{"footnotes":""},"categories":[23],"tags":[],"class_list":["post-252311","post","type-post","status-publish","format-standard","hentry","category-internacional"],"_links":{"self":[{"href":"https:\/\/diariodominicano.com\/index.php?rest_route=\/wp\/v2\/posts\/252311","targetHints":{"allow":["GET"]}}],"collection":[{"href":"https:\/\/diariodominicano.com\/index.php?rest_route=\/wp\/v2\/posts"}],"about":[{"href":"https:\/\/diariodominicano.com\/index.php?rest_route=\/wp\/v2\/types\/post"}],"author":[{"embeddable":true,"href":"https:\/\/diariodominicano.com\/index.php?rest_route=\/wp\/v2\/users\/3"}],"replies":[{"embeddable":true,"href":"https:\/\/diariodominicano.com\/index.php?rest_route=%2Fwp%2Fv2%2Fcomments&post=252311"}],"version-history":[{"count":0,"href":"https:\/\/diariodominicano.com\/index.php?rest_route=\/wp\/v2\/posts\/252311\/revisions"}],"wp:attachment":[{"href":"https:\/\/diariodominicano.com\/index.php?rest_route=%2Fwp%2Fv2%2Fmedia&parent=252311"}],"wp:term":[{"taxonomy":"category","embeddable":true,"href":"https:\/\/diariodominicano.com\/index.php?rest_route=%2Fwp%2Fv2%2Fcategories&post=252311"},{"taxonomy":"post_tag","embeddable":true,"href":"https:\/\/diariodominicano.com\/index.php?rest_route=%2Fwp%2Fv2%2Ftags&post=252311"}],"curies":[{"name":"wp","href":"https:\/\/api.w.org\/{rel}","templated":true}]}}