{"id":252310,"date":"2015-11-24T20:36:25","date_gmt":"2015-11-24T20:36:25","guid":{"rendered":"http:\/\/diariodominicano.ddns.net\/?p=252310"},"modified":"2015-11-24T20:36:25","modified_gmt":"2015-11-24T20:36:25","slug":"se-reunieron-cristina-fernandez-y-mauricio-macri","status":"publish","type":"post","link":"https:\/\/diariodominicano.com\/?p=252310","title":{"rendered":"Se reunieron Cristina Fern\u00e1ndez y Mauricio Macri"},"content":{"rendered":"<p><body><\/p>\n<p><img decoding=\"async\" src=\"img3\/Argentina9.jpg\" \/>  <\/p>\n<p><span class=\"text1noticias\">Buenos Aires, 25 nov (PL) Sin que mucho trascendiera de lo conversado, tan solo que fue un encuentro cordial, la mandataria saliente argentina, Cristina Fern\u00e1ndez, recibi\u00f3 en la residencia de Olivos al presidente electo, Mauricio Macri, para abordar la transici\u00f3n de poderes.<\/span><\/p>\n<p><span class=\"text1noticias\"> <\/span><\/p>\n<p><span class=\"text1noticias\">Con anterioridad, Macri adelant\u00f3 que iban a estar a solas y ser\u00eda en funci\u00f3n de tener una transici\u00f3n lo m\u00e1s afable y coordinada posible. Al salir de la cita que dur\u00f3 unos 40 minutos tan solo dijo que fue cordial.<\/span><\/p>\n<p><span class=\"text1noticias\"> <\/span><\/p>\n<p><span class=\"text1noticias\">De esa manera, comenz\u00f3 la transici\u00f3n de las distintas \u00e1reas del Gobierno cuyo cambio de mando ser\u00e1 el 10 de diciembre. Previo a la reuni\u00f3n el presidente electo anunci\u00f3 algunos de los miembros de su futuro Gabinete, entre estos a Susana Malcorra como ministra de Relaciones Exteriores.<\/span><\/p>\n<p><span class=\"text1noticias\"> <\/span><\/p>\n<p><span class=\"text1noticias\">El encuentro en Olivos fue coordinado entre ambos el pasado domingo, cuando la jefa de Estado lo llam\u00f3 para felicitarlo por su triunfo en el balotaje y lo convoc\u00f3 para empezar a tratar detalles de la transici\u00f3n.<\/span><\/p>\n<p><span class=\"text1noticias\"> <\/span><\/p>\n<p><span class=\"text1noticias\">El lunes, Cristina Fern\u00e1ndez se reuni\u00f3 con los candidatos del Frente para la Victoria Daniel Scioli y Carlos Zannini, y el canal de noticias C5N adelant\u00f3 esta noche que la dignataria recibir\u00e1 el jueves a todos los diputados del FpV y el jueves a los senadores de ese bloque.<\/span><\/p>\n<p><span class=\"text1noticias\"> <\/span><\/p>\n<p><span class=\"text1noticias\">Seg\u00fan refiri\u00f3 C5N, ronda la idea de cambiar el nombre del bloque por el de Frente Justicialista con la idea de captar m\u00e1s adherentes del peronismo de cara al futuro y conformar una oposici\u00f3n m\u00e1s abarca<\/span>dora.<\/p>\n<h6> 2015-11-24 20:36:25 <\/h6>\n<p><!--\n<link rel=\"stylesheet\" href=\"css\/bootstrap.min.css\">\n\n\n<ul class=\"pagination\">\n\t    \n\t\n\n<li >\n\t<a href='?page_no=21954'>Previous<\/a>\n\t<\/li>\n\n\n       \n    \n\n<li><a href='?page_no=1'>1<\/a><\/li>\n\n\n\n<li><a href='?page_no=2'>2<\/a><\/li>\n\n\n\n<li><a>...<\/a><\/li>\n\n\n\n<li><a href='?page_no=21953'>21953<\/a><\/li>\n\n\n\n<li><a href='?page_no=21954'>21954<\/a><\/li>\n\n\n\n<li class='active'><a>21955<\/a><\/li>\n\n\n\n<li><a href='?page_no=21956'>21956<\/a><\/li>\n\n\n\n<li><a href='?page_no=21957'>21957<\/a><\/li>\n\n\n\n<li><a>...<\/a><\/li>\n\n\n\n<li><a href='?page_no=51012'>51012<\/a><\/li>\n\n\n\n<li><a href='?page_no=51013'>51013<\/a><\/li>\n\n    \n\t\n\n<li >\n\t<a href='?page_no=21956'>Next<\/a>\n\t<\/li>\n\n\n    \n\n<li><a href='?page_no=51013'>Last &rsaquo;&rsaquo;<\/a><\/li>\n\n<\/ul>\n\n\n--><br \/>\n<\/body><\/p>\n","protected":false},"excerpt":{"rendered":"<p>Buenos Aires, 25 nov (PL) Sin que mucho trascendiera de lo conversado, tan solo que fue un encuentro cordial, la mandataria saliente argentina, Cristina Fern\u00e1ndez, recibi\u00f3 en la residencia de Olivos al presidente electo, Mauricio Macri, para abordar la transici\u00f3n de poderes. Con anterioridad, Macri adelant\u00f3 que iban a estar a solas y ser\u00eda en [&hellip;]<\/p>\n","protected":false},"author":3,"featured_media":0,"comment_status":"open","ping_status":"open","sticky":false,"template":"","format":"standard","meta":{"footnotes":""},"categories":[23],"tags":[],"class_list":["post-252310","post","type-post","status-publish","format-standard","hentry","category-internacional"],"_links":{"self":[{"href":"https:\/\/diariodominicano.com\/index.php?rest_route=\/wp\/v2\/posts\/252310","targetHints":{"allow":["GET"]}}],"collection":[{"href":"https:\/\/diariodominicano.com\/index.php?rest_route=\/wp\/v2\/posts"}],"about":[{"href":"https:\/\/diariodominicano.com\/index.php?rest_route=\/wp\/v2\/types\/post"}],"author":[{"embeddable":true,"href":"https:\/\/diariodominicano.com\/index.php?rest_route=\/wp\/v2\/users\/3"}],"replies":[{"embeddable":true,"href":"https:\/\/diariodominicano.com\/index.php?rest_route=%2Fwp%2Fv2%2Fcomments&post=252310"}],"version-history":[{"count":0,"href":"https:\/\/diariodominicano.com\/index.php?rest_route=\/wp\/v2\/posts\/252310\/revisions"}],"wp:attachment":[{"href":"https:\/\/diariodominicano.com\/index.php?rest_route=%2Fwp%2Fv2%2Fmedia&parent=252310"}],"wp:term":[{"taxonomy":"category","embeddable":true,"href":"https:\/\/diariodominicano.com\/index.php?rest_route=%2Fwp%2Fv2%2Fcategories&post=252310"},{"taxonomy":"post_tag","embeddable":true,"href":"https:\/\/diariodominicano.com\/index.php?rest_route=%2Fwp%2Fv2%2Ftags&post=252310"}],"curies":[{"name":"wp","href":"https:\/\/api.w.org\/{rel}","templated":true}]}}