{"id":252306,"date":"2015-11-25T01:32:10","date_gmt":"2015-11-25T01:32:10","guid":{"rendered":"http:\/\/diariodominicano.ddns.net\/?p=252306"},"modified":"2015-11-25T01:32:10","modified_gmt":"2015-11-25T01:32:10","slug":"informes-preliminares-apuntan-a-muerte-de-pilotos-rusos","status":"publish","type":"post","link":"https:\/\/diariodominicano.com\/?p=252306","title":{"rendered":"Informes preliminares apuntan a muerte de pilotos rusos"},"content":{"rendered":"<p><body><\/p>\n<p><img decoding=\"async\" src=\"img3\/134851317_14484110784941n.jpg\" \/><br \/><img decoding=\"async\" src=\"img3\/134851317_14484110974811n.jpg\" \/><br \/><img decoding=\"async\" src=\"img3\/134851317_14484111000211n.jpg\" \/>  <\/p>\n<\/p>\n<p><strong>MOSCU, 24 nov (Xinhua) &#8212;<\/strong> El Ministerio de Defensa de Rusia indic\u00f3 hoy que los datos preliminares mostraron que uno de los dos pilotos eyectados de un avi\u00f3n de combate ruso muri\u00f3 por disparos desde tierra luego de que se lanz\u00f3 en paraca\u00eddas a territorio sirio y que un infante de marina muri\u00f3 durante el intento de rescate posterior.<\/p>\n<\/p>\n<p>Horas antes, cazas turcos derribaron un cazabombardero ruso Su-24 despu\u00e9s de emitir numerosas alertas sobre la presunta violaci\u00f3n de su espacio a\u00e9reo por parte del avi\u00f3n. Sin embargo, Rusia dijo que el avi\u00f3n fue derribado sobre Siria.<\/p>\n<\/p>\n<p>\u00abLos dos pilotos del Su-24 se eyectaron del avi\u00f3n. De acuerdo con los datos preliminares, uno de ellos muri\u00f3 en el aire por disparos desde tierra\u00bb, indic\u00f3 Sergei Rutskoy, jefe de la Direcci\u00f3n de Operaciones Principales del Estado Mayor Ruso, en una declaraci\u00f3n en l\u00ednea del Ministerio de Defensa de Rusia.<\/p>\n<\/p>\n<p>Rutskoy tambi\u00e9n confirm\u00f3 que un infante de marina ruso muri\u00f3 durante la operaci\u00f3n de rescate y que un helic\u00f3ptero Mi-8 fue derribado por disparos desde tierra.<\/p>\n<\/p>\n<p>Sin embargo, la operaci\u00f3n de b\u00fasqueda y rescate de los pilotos del Su-24 continuar\u00e1, a\u00f1adi\u00f3.<\/p>\n<\/p>\n<p>Destruido por proyectiles de mortero lanzados desde tierra, uno de los dos helic\u00f3pteros Mi-8 de la misi\u00f3n de rescate hizo un aterrizaje de emergencia \u00aben una zona neutral\u00bb, dijo Rutskoy.<\/p>\n<\/p>\n<p>\u00abEl equipo de b\u00fasqueda y rescate as\u00ed como la tripulaci\u00f3n a bordo del helic\u00f3ptero Mi-8 fueron evacuados y ahora se encuentran en la base a\u00e9rea siria de Hmeimim (donde se ubica un grupo de la fuerza a\u00e9rea rusa para los ataques contra el terrorismo)\u00bb, dijo Rutskoy.<\/p>\n<\/p>\n<p>\u00abLos dispositivos de monitoreo de objetivos no registraron ning\u00fan intento del avi\u00f3n turco para establecer contacto visual o por radio con la tripulaci\u00f3n\u00bb, a\u00f1adi\u00f3 el funcionario ruso.<\/p>\n<\/p>\n<p>El relato de Rutskoy contradijo las afirmaciones de Turqu\u00eda en el sentido de que emiti\u00f3 10 advertencias en cinco minutos sobre la violaci\u00f3n del espacio a\u00e9reo turco antes de que los dos cazas F-16 \u00abinterfirieran\u00bb.<\/p>\n<\/p>\n<p>Rutskoy tambi\u00e9n enfatiz\u00f3 que el caza ruso no atraves\u00f3 la frontera turca, lo que dijo que podr\u00eda probarse mediante \u00abdatos exactos de monitoreo de objetivos\u00bb y datos del sistema de defensa antimisiles de Siria.<\/p>\n<\/p>\n<p>\u00abNo obstante, los datos de vigilancia de radar de la base a\u00e9rea siria de Hmeimim registraron la violaci\u00f3n del espacio a\u00e9reo de Siria por parte del caza turco\u00bb, dijo Rutskoy.<\/p>\n<\/p>\n<p>Adem\u00e1s de advertir que los contactos militares entre Rusia y Turqu\u00eda ser\u00e1n congelados, Rutskoy indic\u00f3 que Rusia reforzar\u00e1 las medidas de seguridad para proteger sus fuerzas a\u00e9reas y la base a\u00e9rea en Siria, as\u00ed como la defensa antia\u00e9rea.<\/p>\n<\/p>\n<p>Adem\u00e1s, todas las misiones de los aviones rusos se realizar\u00e1n s\u00f3lo bajo resguardo de cazas, indic\u00f3 Rutskoy.<\/p>\n<\/p>\n<p>Despu\u00e9s del derribo del caza ruso, Turqu\u00eda acudi\u00f3 a la Organizaci\u00f3n del Tratado del Atl\u00e1ntico Norte (OTAN) y solicit\u00f3 la organizaci\u00f3n de una reuni\u00f3n de emergencia para discutir el incidente.<\/p>\n<\/p>\n<p>El secretario general de la OTAN, Jens Stoltenberg, pidi\u00f3 tranquilidad y reducir las tensiones despu\u00e9s de la reuni\u00f3n extraordinaria del Consejo del Atl\u00e1ntico Norte, \u00f3rgano rector de la OTAN.<\/p>\n<\/p>\n<h6> 2015-11-25 01:32:10 <\/h6>\n<p><!--\n<link rel=\"stylesheet\" href=\"css\/bootstrap.min.css\">\n\n\n<ul class=\"pagination\">\n\t    \n\t\n\n<li >\n\t<a href='?page_no=21950'>Previous<\/a>\n\t<\/li>\n\n\n       \n    \n\n<li><a href='?page_no=1'>1<\/a><\/li>\n\n\n\n<li><a href='?page_no=2'>2<\/a><\/li>\n\n\n\n<li><a>...<\/a><\/li>\n\n\n\n<li><a href='?page_no=21949'>21949<\/a><\/li>\n\n\n\n<li><a href='?page_no=21950'>21950<\/a><\/li>\n\n\n\n<li class='active'><a>21951<\/a><\/li>\n\n\n\n<li><a href='?page_no=21952'>21952<\/a><\/li>\n\n\n\n<li><a href='?page_no=21953'>21953<\/a><\/li>\n\n\n\n<li><a>...<\/a><\/li>\n\n\n\n<li><a href='?page_no=51012'>51012<\/a><\/li>\n\n\n\n<li><a href='?page_no=51013'>51013<\/a><\/li>\n\n    \n\t\n\n<li >\n\t<a href='?page_no=21952'>Next<\/a>\n\t<\/li>\n\n\n    \n\n<li><a href='?page_no=51013'>Last &rsaquo;&rsaquo;<\/a><\/li>\n\n<\/ul>\n\n\n--><br \/>\n<\/body><\/p>\n","protected":false},"excerpt":{"rendered":"<p>MOSCU, 24 nov (Xinhua) &#8212; El Ministerio de Defensa de Rusia indic\u00f3 hoy que los datos preliminares mostraron que uno de los dos pilotos eyectados de un avi\u00f3n de combate ruso muri\u00f3 por disparos desde tierra luego de que se lanz\u00f3 en paraca\u00eddas a territorio sirio y que un infante de marina muri\u00f3 durante el [&hellip;]<\/p>\n","protected":false},"author":3,"featured_media":0,"comment_status":"open","ping_status":"open","sticky":false,"template":"","format":"standard","meta":{"footnotes":""},"categories":[23],"tags":[],"class_list":["post-252306","post","type-post","status-publish","format-standard","hentry","category-internacional"],"_links":{"self":[{"href":"https:\/\/diariodominicano.com\/index.php?rest_route=\/wp\/v2\/posts\/252306","targetHints":{"allow":["GET"]}}],"collection":[{"href":"https:\/\/diariodominicano.com\/index.php?rest_route=\/wp\/v2\/posts"}],"about":[{"href":"https:\/\/diariodominicano.com\/index.php?rest_route=\/wp\/v2\/types\/post"}],"author":[{"embeddable":true,"href":"https:\/\/diariodominicano.com\/index.php?rest_route=\/wp\/v2\/users\/3"}],"replies":[{"embeddable":true,"href":"https:\/\/diariodominicano.com\/index.php?rest_route=%2Fwp%2Fv2%2Fcomments&post=252306"}],"version-history":[{"count":0,"href":"https:\/\/diariodominicano.com\/index.php?rest_route=\/wp\/v2\/posts\/252306\/revisions"}],"wp:attachment":[{"href":"https:\/\/diariodominicano.com\/index.php?rest_route=%2Fwp%2Fv2%2Fmedia&parent=252306"}],"wp:term":[{"taxonomy":"category","embeddable":true,"href":"https:\/\/diariodominicano.com\/index.php?rest_route=%2Fwp%2Fv2%2Fcategories&post=252306"},{"taxonomy":"post_tag","embeddable":true,"href":"https:\/\/diariodominicano.com\/index.php?rest_route=%2Fwp%2Fv2%2Ftags&post=252306"}],"curies":[{"name":"wp","href":"https:\/\/api.w.org\/{rel}","templated":true}]}}