{"id":252304,"date":"2015-11-25T11:08:06","date_gmt":"2015-11-25T11:08:06","guid":{"rendered":"http:\/\/diariodominicano.ddns.net\/?p=252304"},"modified":"2015-11-25T11:08:06","modified_gmt":"2015-11-25T11:08:06","slug":"xi-acudira-a-cumbre-climatica-en-paris-hara-visitas-de-estado-a-zimbabwe-y-sudafrica-y-acudira-a-focac-en-johannesburgo","status":"publish","type":"post","link":"https:\/\/diariodominicano.com\/?p=252304","title":{"rendered":"&#13; &#13;Xi acudir\u00e1 a cumbre clim\u00e1tica en Par\u00eds, har\u00e1 visitas de Estado a Zimbabwe y Sud\u00e1frica y acudir\u00e1 a FOCAC en Johannesburgo"},"content":{"rendered":"<p><body><\/p>\n<\/p>\n<p>BEIJING, 25 nov (Xinhua) &#8212; El presidente chino, Xi Jinping, acudir\u00e1 a la ceremonia inaugural de la cumbre clim\u00e1tica que se celebrar\u00e1 en Par\u00eds del 29 al 30 de noviembre, invitado por su hom\u00f3logo franc\u00e9s, Francois Hollande, y el canciller galo, Laurent Fabius, quien presidir\u00e1 la conferencia, inform\u00f3 hoy mi\u00e9rcoles el portavoz del Ministerio de Relaciones Exteriores de China, Lu Kang.<\/p>\n<\/p>\n<p>Xi realizar\u00e1 una visita de Estado a Zimbabwe del 1 al 2 de diciembre a invitaci\u00f3n del presidente zimbabuense, Robert Mugabe, indic\u00f3 Lu.<\/p>\n<\/p>\n<p>Invitado por el presidente sudafricano, Jacob Zuma, Xi realizar\u00e1 una visita de Estado a Sud\u00e1frica del 2 al 5 de diciembre y tambi\u00e9n presidir\u00e1 el Foro de Cooperaci\u00f3n entre China y \u00c1frica (FOCAC, siglas en ingl\u00e9s) que tendr\u00e1 lugar en Johannesburgo.<\/p>\n<h6> 2015-11-25 11:08:06 <\/h6>\n<p><!--\n<link rel=\"stylesheet\" href=\"css\/bootstrap.min.css\">\n\n\n<ul class=\"pagination\">\n\t    \n\t\n\n<li >\n\t<a href='?page_no=21948'>Previous<\/a>\n\t<\/li>\n\n\n       \n    \n\n<li><a href='?page_no=1'>1<\/a><\/li>\n\n\n\n<li><a href='?page_no=2'>2<\/a><\/li>\n\n\n\n<li><a>...<\/a><\/li>\n\n\n\n<li><a href='?page_no=21947'>21947<\/a><\/li>\n\n\n\n<li><a href='?page_no=21948'>21948<\/a><\/li>\n\n\n\n<li class='active'><a>21949<\/a><\/li>\n\n\n\n<li><a href='?page_no=21950'>21950<\/a><\/li>\n\n\n\n<li><a href='?page_no=21951'>21951<\/a><\/li>\n\n\n\n<li><a>...<\/a><\/li>\n\n\n\n<li><a href='?page_no=51012'>51012<\/a><\/li>\n\n\n\n<li><a href='?page_no=51013'>51013<\/a><\/li>\n\n    \n\t\n\n<li >\n\t<a href='?page_no=21950'>Next<\/a>\n\t<\/li>\n\n\n    \n\n<li><a href='?page_no=51013'>Last &rsaquo;&rsaquo;<\/a><\/li>\n\n<\/ul>\n\n\n--><br \/>\n<\/body><\/p>\n","protected":false},"excerpt":{"rendered":"<p>BEIJING, 25 nov (Xinhua) &#8212; El presidente chino, Xi Jinping, acudir\u00e1 a la ceremonia inaugural de la cumbre clim\u00e1tica que se celebrar\u00e1 en Par\u00eds del 29 al 30 de noviembre, invitado por su hom\u00f3logo franc\u00e9s, Francois Hollande, y el canciller galo, Laurent Fabius, quien presidir\u00e1 la conferencia, inform\u00f3 hoy mi\u00e9rcoles el portavoz del Ministerio de [&hellip;]<\/p>\n","protected":false},"author":3,"featured_media":0,"comment_status":"open","ping_status":"open","sticky":false,"template":"","format":"standard","meta":{"footnotes":""},"categories":[23],"tags":[],"class_list":["post-252304","post","type-post","status-publish","format-standard","hentry","category-internacional"],"_links":{"self":[{"href":"https:\/\/diariodominicano.com\/index.php?rest_route=\/wp\/v2\/posts\/252304","targetHints":{"allow":["GET"]}}],"collection":[{"href":"https:\/\/diariodominicano.com\/index.php?rest_route=\/wp\/v2\/posts"}],"about":[{"href":"https:\/\/diariodominicano.com\/index.php?rest_route=\/wp\/v2\/types\/post"}],"author":[{"embeddable":true,"href":"https:\/\/diariodominicano.com\/index.php?rest_route=\/wp\/v2\/users\/3"}],"replies":[{"embeddable":true,"href":"https:\/\/diariodominicano.com\/index.php?rest_route=%2Fwp%2Fv2%2Fcomments&post=252304"}],"version-history":[{"count":0,"href":"https:\/\/diariodominicano.com\/index.php?rest_route=\/wp\/v2\/posts\/252304\/revisions"}],"wp:attachment":[{"href":"https:\/\/diariodominicano.com\/index.php?rest_route=%2Fwp%2Fv2%2Fmedia&parent=252304"}],"wp:term":[{"taxonomy":"category","embeddable":true,"href":"https:\/\/diariodominicano.com\/index.php?rest_route=%2Fwp%2Fv2%2Fcategories&post=252304"},{"taxonomy":"post_tag","embeddable":true,"href":"https:\/\/diariodominicano.com\/index.php?rest_route=%2Fwp%2Fv2%2Ftags&post=252304"}],"curies":[{"name":"wp","href":"https:\/\/api.w.org\/{rel}","templated":true}]}}