{"id":252302,"date":"2015-11-25T12:23:48","date_gmt":"2015-11-25T12:23:48","guid":{"rendered":"http:\/\/diariodominicano.ddns.net\/?p=252302"},"modified":"2015-11-25T12:23:48","modified_gmt":"2015-11-25T12:23:48","slug":"descarta-rusia-guerra-contra-turquia-por-derribo-de-avion-en-siria","status":"publish","type":"post","link":"https:\/\/diariodominicano.com\/?p=252302","title":{"rendered":"&#13;Descarta Rusia guerra contra Turqu\u00eda por derribo de avi\u00f3n en Siria"},"content":{"rendered":"<p><body><\/p>\n<p><img decoding=\"async\" src=\"img3\/lavrov-sentado.jpg\" \/>  <\/p>\n<p><span class=\"text1noticias\">  <\/span><\/p>\n<p><span class=\"text1noticias\">Mosc\u00fa, 25 nov (PL) El canciller ruso, Serguei Lavrov, descart\u00f3 hoy una guerra contra Turqu\u00eda por el derribo del bombardero Su-24 en territorio de Siria, pero advirti\u00f3 que su pa\u00eds reevaluar\u00e1 los convenios y relaciones bilaterales.<\/span><\/p>\n<\/p>\n<p><span class=\"text1noticias\">Al expresar indignaci\u00f3n por lo que calific\u00f3 de inamistosas acciones por parte de Ankara, Lavrov aclar\u00f3 en rueda de prensa que Rusia no tiene la intenci\u00f3n de guerrear, aunque advirti\u00f3 que Mosc\u00fa no puede dejar sin respuesta las actuaciones de los militares turcos.<\/span><\/p>\n<\/p>\n<p><span class=\"text1noticias\">Las relaciones hacia el pueblo turco no cambiaron, pero tenemos una serie de cuestionamientos a las autoridades, recalc\u00f3 el canciller en alusi\u00f3n al incidente ocurrido la v\u00edspera cerca de la frontera sirio-turca que caus\u00f3 la muerte de uno de los dos pilotos, el comandante de la tripulaci\u00f3n.<\/span><\/p>\n<\/p>\n<p><span class=\"text1noticias\">Explic\u00f3 Lavrov que en el momento del derribo por un cohetazo de una nave F-16 el bombardero Su-24 cumpl\u00eda tareas como parte de las operaciones antiterroristas de las fuerzas aeroespaciales rusas en Siria y no viol\u00f3 el espacio a\u00e9reo de Turqu\u00eda.<\/span><\/p>\n<\/p>\n<p><span class=\"text1noticias\">Ankara alega todo lo contrario al justificar una supuesta acci\u00f3n defensiva dentro de sus fronteras. La parte turca declar\u00f3 incluso haber desconocido la pertenencia del aparato.<\/span><\/p>\n<\/p>\n<p><span class=\"text1noticias\">Una nota de la canciller\u00eda, que cita al Ministro, se\u00f1ala que con la acci\u00f3n Turqu\u00eda se puso del lado del Estado Isl\u00e1mico.<\/span><\/p>\n<\/p>\n<p><span class=\"text1noticias\">En cuanto al estadio actual de nuestras relaciones, seriamente vamos a reevaluar los convenios concertados con el Gobierno de Ankara y todo el conjunto de los nexos bajo el prisma del derribo del avi\u00f3n, indic\u00f3 el ministro ruso.<\/span><\/p>\n<\/p>\n<p><span class=\"text1noticias\">Tras producirse el incidente, el presidente Vladimir Putin afirm\u00f3 que la acci\u00f3n de la Fuerza A\u00e9rea de Turqu\u00eda fue \u00abun golpe por la espalda de partidarios de los terroristas\u00bb, y que tendr\u00eda serias consecuencias para las relaciones ruso-turcas.<\/span><\/p>\n<\/p>\n<p><span class=\"text1noticias\">El jefe de la diplomacia rusa manej\u00f3 la posibilidad de que las autoridades de Ankara pudieron conciliar con Estados Unidos la decisi\u00f3n de derribar el bombardero ruso en raz\u00f3n de que el pa\u00eds euroasi\u00e1tico integra la coalici\u00f3n internacional capitaneada por Washington sin un respaldo del Consejo de Seguridad de la ONU, y del gobierno sirio.<\/span><\/p>\n<\/p>\n<p><span class=\"text1noticias\">Dijo que si bien el memorando sobre la seguridad de los vuelos sobre Siria suscrito con Mosc\u00fa se extiende al resto de los aliados, Turqu\u00eda puede adjudicarse la decisi\u00f3n de no cumplir las disposiciones.<\/span><\/p>\n<\/p>\n<p><span class=\"text1noticias\">Resulta interesante saber -pregunt\u00f3 Lavrov- si el mando turco pidi\u00f3 permiso a Estados Unidos para levantar al aire sus aviones, en ese caso un F-16 de fabricaci\u00f3n estadounidense, aunque sea para derribar a una nave desconocida, ironiz\u00f3 el canciller.<\/span><\/p>\n<\/p>\n<p><span class=\"text1noticias\">Concluy\u00f3 que lo ocurrido se parece mucho a una provocaci\u00f3n bien planificada, y record\u00f3 los compromisos asumidos por Estados Unidos en el memorando conciliado con Rusia de velar porque todos los aliados cumplieran estrictamente lo reglamentado durante las incursiones a\u00e9reas sobre el espacio sirio.<\/span><\/p>\n<\/p>\n<p><span class=\"text1noticias\">Mosc\u00fa, seg\u00fan Lavrov, entregar\u00e1 a los socios occidentales un paquete de materiales, que incluye los datos de vigilancia radioelectr\u00f3nica sobre la trayectoria del bombardero Su-24.<\/span><\/p>\n<\/p>\n<p><span class=\"text1noticias\">El canciller cancel\u00f3 su visita a Estambul, programada para este mi\u00e9rcoles, y en general no dio el consentimiento para un encuentro solicitado por su par turco, inform\u00f3 la portavoz de la canciller\u00eda, Mar\u00eda Zajarova.<\/span><\/p>\n<\/p>\n<p><span class=\"text1noticias\">Al rectificar una nota de la agencia Reuter, Zajarova aclar\u00f3 que durante la conversaci\u00f3n telef\u00f3nica por m\u00e1s de una hora con su hom\u00f3logo turco, Lavrov no acept\u00f3 ninguna de las propuestas de reuni\u00f3n formuladas.<\/span><\/p>\n<h6> 2015-11-25 12:23:48 <\/h6>\n<p><!--\n<link rel=\"stylesheet\" href=\"css\/bootstrap.min.css\">\n\n\n<ul class=\"pagination\">\n\t    \n\t\n\n<li >\n\t<a href='?page_no=21946'>Previous<\/a>\n\t<\/li>\n\n\n       \n    \n\n<li><a href='?page_no=1'>1<\/a><\/li>\n\n\n\n<li><a href='?page_no=2'>2<\/a><\/li>\n\n\n\n<li><a>...<\/a><\/li>\n\n\n\n<li><a href='?page_no=21945'>21945<\/a><\/li>\n\n\n\n<li><a href='?page_no=21946'>21946<\/a><\/li>\n\n\n\n<li class='active'><a>21947<\/a><\/li>\n\n\n\n<li><a href='?page_no=21948'>21948<\/a><\/li>\n\n\n\n<li><a href='?page_no=21949'>21949<\/a><\/li>\n\n\n\n<li><a>...<\/a><\/li>\n\n\n\n<li><a href='?page_no=51012'>51012<\/a><\/li>\n\n\n\n<li><a href='?page_no=51013'>51013<\/a><\/li>\n\n    \n\t\n\n<li >\n\t<a href='?page_no=21948'>Next<\/a>\n\t<\/li>\n\n\n    \n\n<li><a href='?page_no=51013'>Last &rsaquo;&rsaquo;<\/a><\/li>\n\n<\/ul>\n\n\n--><br \/>\n<\/body><\/p>\n","protected":false},"excerpt":{"rendered":"<p>Mosc\u00fa, 25 nov (PL) El canciller ruso, Serguei Lavrov, descart\u00f3 hoy una guerra contra Turqu\u00eda por el derribo del bombardero Su-24 en territorio de Siria, pero advirti\u00f3 que su pa\u00eds reevaluar\u00e1 los convenios y relaciones bilaterales. Al expresar indignaci\u00f3n por lo que calific\u00f3 de inamistosas acciones por parte de Ankara, Lavrov aclar\u00f3 en rueda de [&hellip;]<\/p>\n","protected":false},"author":3,"featured_media":0,"comment_status":"open","ping_status":"open","sticky":false,"template":"","format":"standard","meta":{"footnotes":""},"categories":[23],"tags":[],"class_list":["post-252302","post","type-post","status-publish","format-standard","hentry","category-internacional"],"_links":{"self":[{"href":"https:\/\/diariodominicano.com\/index.php?rest_route=\/wp\/v2\/posts\/252302","targetHints":{"allow":["GET"]}}],"collection":[{"href":"https:\/\/diariodominicano.com\/index.php?rest_route=\/wp\/v2\/posts"}],"about":[{"href":"https:\/\/diariodominicano.com\/index.php?rest_route=\/wp\/v2\/types\/post"}],"author":[{"embeddable":true,"href":"https:\/\/diariodominicano.com\/index.php?rest_route=\/wp\/v2\/users\/3"}],"replies":[{"embeddable":true,"href":"https:\/\/diariodominicano.com\/index.php?rest_route=%2Fwp%2Fv2%2Fcomments&post=252302"}],"version-history":[{"count":0,"href":"https:\/\/diariodominicano.com\/index.php?rest_route=\/wp\/v2\/posts\/252302\/revisions"}],"wp:attachment":[{"href":"https:\/\/diariodominicano.com\/index.php?rest_route=%2Fwp%2Fv2%2Fmedia&parent=252302"}],"wp:term":[{"taxonomy":"category","embeddable":true,"href":"https:\/\/diariodominicano.com\/index.php?rest_route=%2Fwp%2Fv2%2Fcategories&post=252302"},{"taxonomy":"post_tag","embeddable":true,"href":"https:\/\/diariodominicano.com\/index.php?rest_route=%2Fwp%2Fv2%2Ftags&post=252302"}],"curies":[{"name":"wp","href":"https:\/\/api.w.org\/{rel}","templated":true}]}}