{"id":252301,"date":"2015-11-25T12:29:47","date_gmt":"2015-11-25T12:29:47","guid":{"rendered":"http:\/\/diariodominicano.ddns.net\/?p=252301"},"modified":"2015-11-25T12:29:47","modified_gmt":"2015-11-25T12:29:47","slug":"el-papa-francisco-llego-a-kenya-primera-etapa-de-gira-africana","status":"publish","type":"post","link":"https:\/\/diariodominicano.com\/?p=252301","title":{"rendered":"El papa Francisco lleg\u00f3 a Kenya, primera etapa de gira africana"},"content":{"rendered":"<p><body><\/p>\n<p><img decoding=\"async\" src=\"img3\/papa_kenyatta.jpg\" \/>  <\/p>\n<p><span class=\"text1noticias\">  <\/span><\/p>\n<p><span class=\"text1noticias\">Nairobi, 25 nov (PL) El papa Francisco arrib\u00f3 hoy a esta capital y fue recibido por el presidente Uhruru Kenyatta y el cardenal John Njue, entre otras autoridades civiles y religiosas locales.<\/span><\/p>\n<\/p>\n<p><span class=\"text1noticias\">El Sumo Pont\u00edfice permanecer\u00e1 hasta el viernes en este pa\u00eds e inicia de esta manera una gira apost\u00f3lica que incluye Uganda y la Rep\u00fablica Centroafricana y extender\u00e1 hasta el lunes pr\u00f3ximo.<\/span><\/p>\n<\/p>\n<p><span class=\"text1noticias\">La pr\u00f3xima actividad del visitante ser\u00e1 un intercambio en privado con el mandatario Kenyatta, confirm\u00f3 la Oficina de Prensa de la Santa Sede.<\/span><\/p>\n<\/p>\n<p><span class=\"text1noticias\">Posteriormente sostendr\u00e1 un encuentro con otras autoridades kenianas y el cuerpo diplom\u00e1tico acreditado en la naci\u00f3n, ante quienes pronunciar\u00e1 un discurso en horas de la noche.<\/span><\/p>\n<\/p>\n<p><span class=\"text1noticias\">El Obispo de Roma trae en su agenda de homil\u00edas y encuentros bilaterales los temas de la paz, testimonios de los m\u00e1rtires cristianos, el di\u00e1logo interreligioso y el encuentro con los pobres y marginados de los barrios suburbanos, seg\u00fan el vocero de la Santa Sede, Federico Lombardi.<\/span><\/p>\n<\/p>\n<p><span class=\"text1noticias\">Esa acci\u00f3n ser\u00e1 com\u00fan para Uganda y la Rep\u00fablica Rep\u00fablica Centroafricana, las otras dos naciones a visitar por el papa Francisco en la gira africana iniciada este mi\u00e9rcoles.<\/span><\/p>\n<\/p>\n<p><span class=\"text1noticias\">En los tres pa\u00edses pronunciar\u00e1 19 discursos, y se reunir\u00e1 con la comunidad cat\u00f3lica, musulmanes y los evang\u00e9licos.<\/span><\/p>\n<\/p>\n<p><span class=\"text1noticias\">Este periplo se inicia en un contexto regional donde la violencia y el terrorismo son alimentados por la pobreza y la desesperaci\u00f3n, pero tambi\u00e9n por el adoctrinamiento extremista, opinan medios de prensa.<\/span><\/p>\n<\/p>\n<p><span class=\"text1noticias\">Frente a ello, agreg\u00f3 la publicaci\u00f3n, Francisco insistir\u00e1 en que es una blasfemia invocar el nombre de Dios para justificar asesinatos y masacres.<\/span><\/p>\n<\/p>\n<p><span class=\"text1noticias\">En ese panorama, el peregrinaje del Papa es mucho m\u00e1s significativo, pues recorrer\u00e1 las calles de las ciudades africanas con un papam\u00f3vil descubierto sin rendirse al miedo, seg\u00fan el sitio digital Vatican Insider.<\/span><\/p>\n<\/p>\n<p><span class=\"text1noticias\">El Gobierno de Kenya decret\u00f3 para ma\u00f1ana d\u00eda 26 ser\u00e1 d\u00eda festivo nacional, porque ser\u00e1 la fecha de la Homil\u00eda del Papa en el Campus de la Universidad de Nairobi.<\/span><\/p>\n<\/p>\n<p><span class=\"text1noticias\">Este jueves pronunciar\u00e1 discursos ante un auditorio interreligioso y ecum\u00e9nico en la capitalina Nunciatura Apost\u00f3lica y ante el clero, religiosas, religiosos y seminaristas en el campo deportivo de la St Mary School, entre otras actividades.<\/span><\/p>\n<\/p>\n<p><span class=\"text1noticias\">La agenda en este pa\u00eds prev\u00e9 para el viernes -fecha final de su estancia en esta capital- intercambios con los obispos de Kenya.<\/span><\/p>\n<\/p>\n<p><span class=\"text1noticias\">Unos 10 mil integrantes de las fuerzas de seguridad de Kenya est\u00e1n movilizados a tiempo completo desde ayer para garantizar la seguridad del papa Francisco, destac\u00f3 el portavoz oficial Manoah Esipisu.<\/span><\/p>\n<\/p>\n<p><span class=\"text1noticias\">Las prevenciones de seguridad extraordinarias debido a la vista condicionar\u00e1n durante dos d\u00edas el desarrollo de la vida cotidiana capitalina.<\/span><\/p>\n<\/p>\n<p><span class=\"text1noticias\">Cerca de mill\u00f3n y medio de personas provenientes de todo el pa\u00eds, un 10 por ciento de los cat\u00f3licos kenianos, asistir\u00e1n a las misas y a los discursos que pronunciar\u00e1 en esta capital el Sumo Pont\u00edfice, subray\u00f3 el responsable de la visita apost\u00f3lica del papa Francisco a \u00c1frica, monse\u00f1or Alfred Rotich.<\/span><\/p>\n<\/p>\n<p><span class=\"text1noticias\">Con anterioridad visitaron este continente los jefes cat\u00f3licos Pablo VI (1969), Juan Pablo II, (1998) y Benedicto XVI, (2009).<\/span><\/p>\n<h6> 2015-11-25 12:29:47 <\/h6>\n<p><!--\n<link rel=\"stylesheet\" href=\"css\/bootstrap.min.css\">\n\n\n<ul class=\"pagination\">\n\t    \n\t\n\n<li >\n\t<a href='?page_no=21945'>Previous<\/a>\n\t<\/li>\n\n\n       \n    \n\n<li><a href='?page_no=1'>1<\/a><\/li>\n\n\n\n<li><a href='?page_no=2'>2<\/a><\/li>\n\n\n\n<li><a>...<\/a><\/li>\n\n\n\n<li><a href='?page_no=21944'>21944<\/a><\/li>\n\n\n\n<li><a href='?page_no=21945'>21945<\/a><\/li>\n\n\n\n<li class='active'><a>21946<\/a><\/li>\n\n\n\n<li><a href='?page_no=21947'>21947<\/a><\/li>\n\n\n\n<li><a href='?page_no=21948'>21948<\/a><\/li>\n\n\n\n<li><a>...<\/a><\/li>\n\n\n\n<li><a href='?page_no=51012'>51012<\/a><\/li>\n\n\n\n<li><a href='?page_no=51013'>51013<\/a><\/li>\n\n    \n\t\n\n<li >\n\t<a href='?page_no=21947'>Next<\/a>\n\t<\/li>\n\n\n    \n\n<li><a href='?page_no=51013'>Last &rsaquo;&rsaquo;<\/a><\/li>\n\n<\/ul>\n\n\n--><br \/>\n<\/body><\/p>\n","protected":false},"excerpt":{"rendered":"<p>Nairobi, 25 nov (PL) El papa Francisco arrib\u00f3 hoy a esta capital y fue recibido por el presidente Uhruru Kenyatta y el cardenal John Njue, entre otras autoridades civiles y religiosas locales. El Sumo Pont\u00edfice permanecer\u00e1 hasta el viernes en este pa\u00eds e inicia de esta manera una gira apost\u00f3lica que incluye Uganda y la [&hellip;]<\/p>\n","protected":false},"author":3,"featured_media":0,"comment_status":"open","ping_status":"open","sticky":false,"template":"","format":"standard","meta":{"footnotes":""},"categories":[23],"tags":[],"class_list":["post-252301","post","type-post","status-publish","format-standard","hentry","category-internacional"],"_links":{"self":[{"href":"https:\/\/diariodominicano.com\/index.php?rest_route=\/wp\/v2\/posts\/252301","targetHints":{"allow":["GET"]}}],"collection":[{"href":"https:\/\/diariodominicano.com\/index.php?rest_route=\/wp\/v2\/posts"}],"about":[{"href":"https:\/\/diariodominicano.com\/index.php?rest_route=\/wp\/v2\/types\/post"}],"author":[{"embeddable":true,"href":"https:\/\/diariodominicano.com\/index.php?rest_route=\/wp\/v2\/users\/3"}],"replies":[{"embeddable":true,"href":"https:\/\/diariodominicano.com\/index.php?rest_route=%2Fwp%2Fv2%2Fcomments&post=252301"}],"version-history":[{"count":0,"href":"https:\/\/diariodominicano.com\/index.php?rest_route=\/wp\/v2\/posts\/252301\/revisions"}],"wp:attachment":[{"href":"https:\/\/diariodominicano.com\/index.php?rest_route=%2Fwp%2Fv2%2Fmedia&parent=252301"}],"wp:term":[{"taxonomy":"category","embeddable":true,"href":"https:\/\/diariodominicano.com\/index.php?rest_route=%2Fwp%2Fv2%2Fcategories&post=252301"},{"taxonomy":"post_tag","embeddable":true,"href":"https:\/\/diariodominicano.com\/index.php?rest_route=%2Fwp%2Fv2%2Ftags&post=252301"}],"curies":[{"name":"wp","href":"https:\/\/api.w.org\/{rel}","templated":true}]}}