{"id":252295,"date":"2015-11-25T17:35:06","date_gmt":"2015-11-25T17:35:06","guid":{"rendered":"http:\/\/diariodominicano.ddns.net\/?p=252295"},"modified":"2015-11-25T17:35:06","modified_gmt":"2015-11-25T17:35:06","slug":"puerto-rico-alarmante-aumento-de-casos-de-vih-entre-jovenes","status":"publish","type":"post","link":"https:\/\/diariodominicano.com\/?p=252295","title":{"rendered":"PUERTO RICO: Alarmante aumento de casos de VIH entre j\u00f3venes"},"content":{"rendered":"<p><body><\/p>\n<p><img decoding=\"async\" src=\"img3\/20140425_prhoy_acinetobacter_jam.jpg\" \/>  <\/p>\n<p>mi\u00e9rcoles, 25 de noviembre de 2015 &#8211; 5:36 PM<\/p>\n<p>Por ELNUEVODIA.COM<\/p>\n<\/p>\n<p>El a\u00f1o pasado se diagnosticaron 611 nuevos casos, de los cuales 293 corresponden a ese rengl\u00f3n poblacional. (horizontal-x3)<\/p>\n<p>La epidemi\u00f3loga del Estado, Brenda Rivera Garc\u00eda, se\u00f1al\u00f3 que casi la mitad de los casos de VIH diagnosticados en el 2014 fueron de personas entre los 25 a 44 a\u00f1os de edad. (GFR Media)<\/p>\n<p>Casi la mitad de los casos del Virus de Inmunodeficiencia Humana (VIH) diagnosticados en Puerto Rico en el 2014 fueron de personas entre los 25 a 44 a\u00f1os de edad, mayormente hombres, inform\u00f3 este mi\u00e9rcoles la epidemi\u00f3loga del Estado, Brenda Rivera Garc\u00eda.<\/p>\n<\/p>\n<p>Citando estad\u00edsticas recopiladas por el Programa de Vigilancia VIH\/SIDA del Departamento de Salud, Rivera Garc\u00eda agreg\u00f3 que el a\u00f1o pasado se diagnosticaron 611 nuevos casos de VIH en la Isla, de los cuales 293 (48%) corresponden a ese rengl\u00f3n poblacional. <\/p>\n<\/p>\n<p>Dentro de ese 48%, el 76% son hombres y el 24% mujeres, precis\u00f3 el Departamento de Salud.<\/p>\n<\/p>\n<p>La cifra inquieta a la salubrista, pues indica que la poblaci\u00f3n joven se est\u00e1 infectando m\u00e1s.<\/p>\n<\/p>\n<p>\u00abMe preocupa pues hemos perdido el temor a un diagn\u00f3stico, es una poblaci\u00f3n que no tiene la memoria hist\u00f3rica de c\u00f3mo era esto en la d\u00e9cada de los 80 cuando se introdujo el virus en la isla\u00bb, manifest\u00f3 Rivera Garc\u00eda en un comunicado de prensa.<\/p>\n<\/p>\n<p>El VIH causa el s\u00edndrome de inmunodeficiencia adquirida (sida) y se transmite por contacto sexual, de madre a hijo en el periodo de gestaci\u00f3n y a trav\u00e9s de la sangre, ya sea por transfusiones o intercambio de agujas.<\/p>\n<\/p>\n<p>La funcionaria recomend\u00f3 tomar las medidas preventivas disponibles actualmente, incluyendo utilizar protecci\u00f3n al sostener relaciones sexuales.<\/p>\n<\/p>\n<p>\u00abNo te arriesgues. Aunque hoy en d\u00eda se puede vivir con VIH, no necesitas vivir con \u00e9l\u00bb, sostuvo Rivera Garc\u00eda.<\/p>\n<\/p>\n<p>La divulgaci\u00f3n de estas estad\u00edsticas ocurre en momentos en que el Departamento de Salud convoca a participar de las actividades organizadas para el pr\u00f3ximo martes, cuando se observa el D\u00eda mundial de la lucha contra el sida. <\/p>\n<\/p>\n<p>La actividad ser\u00e1 en el Parque del Tercer Milenio en San Juan, de 4:00 p. m. a 9:00 p.m., donde habr\u00e1 m\u00fasica en vivo y mesas con folletos informativos sobre la enfermedad y c\u00f3mo prevenirla.<\/p>\n<\/p>\n<p>El evento culminar\u00e1 con la formaci\u00f3n del tradicional lazo humano rojo. El lazo es el s\u00edmbolo internacional utilizado para mostrar apoyo a la lucha contra el sida y solidarizarse con los pacientes de esta enfermedad y las personas que son VIH positivo.<\/p>\n<\/p>\n<h6> 2015-11-25 17:35:06 <\/h6>\n<p><!--\n<link rel=\"stylesheet\" href=\"css\/bootstrap.min.css\">\n\n\n<ul class=\"pagination\">\n\t    \n\t\n\n<li >\n\t<a href='?page_no=21939'>Previous<\/a>\n\t<\/li>\n\n\n       \n    \n\n<li><a href='?page_no=1'>1<\/a><\/li>\n\n\n\n<li><a href='?page_no=2'>2<\/a><\/li>\n\n\n\n<li><a>...<\/a><\/li>\n\n\n\n<li><a href='?page_no=21938'>21938<\/a><\/li>\n\n\n\n<li><a href='?page_no=21939'>21939<\/a><\/li>\n\n\n\n<li class='active'><a>21940<\/a><\/li>\n\n\n\n<li><a href='?page_no=21941'>21941<\/a><\/li>\n\n\n\n<li><a href='?page_no=21942'>21942<\/a><\/li>\n\n\n\n<li><a>...<\/a><\/li>\n\n\n\n<li><a href='?page_no=51012'>51012<\/a><\/li>\n\n\n\n<li><a href='?page_no=51013'>51013<\/a><\/li>\n\n    \n\t\n\n<li >\n\t<a href='?page_no=21941'>Next<\/a>\n\t<\/li>\n\n\n    \n\n<li><a href='?page_no=51013'>Last &rsaquo;&rsaquo;<\/a><\/li>\n\n<\/ul>\n\n\n--><br \/>\n<\/body><\/p>\n","protected":false},"excerpt":{"rendered":"<p>mi\u00e9rcoles, 25 de noviembre de 2015 &#8211; 5:36 PM Por ELNUEVODIA.COM El a\u00f1o pasado se diagnosticaron 611 nuevos casos, de los cuales 293 corresponden a ese rengl\u00f3n poblacional. (horizontal-x3) La epidemi\u00f3loga del Estado, Brenda Rivera Garc\u00eda, se\u00f1al\u00f3 que casi la mitad de los casos de VIH diagnosticados en el 2014 fueron de personas entre los [&hellip;]<\/p>\n","protected":false},"author":3,"featured_media":0,"comment_status":"open","ping_status":"open","sticky":false,"template":"","format":"standard","meta":{"footnotes":""},"categories":[23],"tags":[],"class_list":["post-252295","post","type-post","status-publish","format-standard","hentry","category-internacional"],"_links":{"self":[{"href":"https:\/\/diariodominicano.com\/index.php?rest_route=\/wp\/v2\/posts\/252295","targetHints":{"allow":["GET"]}}],"collection":[{"href":"https:\/\/diariodominicano.com\/index.php?rest_route=\/wp\/v2\/posts"}],"about":[{"href":"https:\/\/diariodominicano.com\/index.php?rest_route=\/wp\/v2\/types\/post"}],"author":[{"embeddable":true,"href":"https:\/\/diariodominicano.com\/index.php?rest_route=\/wp\/v2\/users\/3"}],"replies":[{"embeddable":true,"href":"https:\/\/diariodominicano.com\/index.php?rest_route=%2Fwp%2Fv2%2Fcomments&post=252295"}],"version-history":[{"count":0,"href":"https:\/\/diariodominicano.com\/index.php?rest_route=\/wp\/v2\/posts\/252295\/revisions"}],"wp:attachment":[{"href":"https:\/\/diariodominicano.com\/index.php?rest_route=%2Fwp%2Fv2%2Fmedia&parent=252295"}],"wp:term":[{"taxonomy":"category","embeddable":true,"href":"https:\/\/diariodominicano.com\/index.php?rest_route=%2Fwp%2Fv2%2Fcategories&post=252295"},{"taxonomy":"post_tag","embeddable":true,"href":"https:\/\/diariodominicano.com\/index.php?rest_route=%2Fwp%2Fv2%2Ftags&post=252295"}],"curies":[{"name":"wp","href":"https:\/\/api.w.org\/{rel}","templated":true}]}}