{"id":252293,"date":"2015-11-25T18:12:08","date_gmt":"2015-11-25T18:12:08","guid":{"rendered":"http:\/\/diariodominicano.ddns.net\/?p=252293"},"modified":"2015-11-25T18:12:08","modified_gmt":"2015-11-25T18:12:08","slug":"se-desploman-las-reservaciones-de-hoteles-y-vuelos-a-paris-tras-ataques","status":"publish","type":"post","link":"https:\/\/diariodominicano.com\/?p=252293","title":{"rendered":"Se desploman las reservaciones de hoteles y vuelos a Par\u00eds tras ataques"},"content":{"rendered":"<p><body><\/p>\n<p><img decoding=\"async\" src=\"img3\/franceparisattacks.jpg\" \/>  <\/p>\n<p>mi\u00e9rcoles, 25 de noviembre de 2015 &#8211; 6:45 PM<\/p>\n<p>Por The Associated Press<\/p>\n<\/p>\n<p>Torre Eiffel <\/p>\n<p>El d\u00eda despu\u00e9s de los ataques, hubo una p\u00e9rdida de 14% en comparaci\u00f3n con el mismo d\u00eda un a\u00f1o previo, seguido por ca\u00eddas en los rangos entre 20% y 30% del 15 al 20 de noviembre. (EFE)<\/p>\n<p>Los \u00edndices de ocupaci\u00f3n en algunos hoteles de Par\u00eds se desplomaron por m\u00e1s de 30% en los d\u00edas posteriores a los ataques terroristas del 13 de noviembre, de acuerdo con una compa\u00f1\u00eda que da seguimiento a la industria hotelera.<\/p>\n<\/p>\n<p>STR Global indic\u00f3 que al comparar las cifras actuales con las registradas hace exactamente un a\u00f1o, los \u00edndices de ocupaci\u00f3n hotelera fueron 39% menores el s\u00e1bado pasado y 33% m\u00e1s bajas el domingo, los dos d\u00edas m\u00e1s recientes en el reporte de la compa\u00f1\u00eda.<\/p>\n<\/p>\n<p>El d\u00eda despu\u00e9s de los ataques, hubo una p\u00e9rdida de 14% en comparaci\u00f3n con el mismo d\u00eda un a\u00f1o previo, seguido por ca\u00eddas en los rangos entre 20% y 30% del 15 al 20 de noviembre.<\/p>\n<\/p>\n<p>STR Global advirti\u00f3 que su informe s\u00f3lo representa el 37% de su muestra mensual para los hoteles en Par\u00eds, por lo que las cifras no son definitivas. Pero s\u00ed confirma los comentarios y otros reportes de un desplome en los viajes de placer a Francia.<\/p>\n<\/p>\n<p>Las principales aerol\u00edneas, las agencias de viajes en internet y las compa\u00f1\u00edas de distribuci\u00f3n de boletos de Estados Unidos se negaron a comentar sobre las tendencias de reservaciones.<\/p>\n<\/p>\n<p>Pero la compa\u00f1\u00eda de informaci\u00f3n tur\u00edstica Forward Data SL se\u00f1al\u00f3 que las reservaciones a Par\u00eds para la \u00e9poca navide\u00f1a bajaron 13% si se comparan con las de hace un a\u00f1o, debido a los ataques del 13 de noviembre.<\/p>\n<\/p>\n<p>El director general de Forward Data, Olivier Jager, dijo en entrevista que la compa\u00f1\u00eda analiza los datos de reservaciones que adquiere de sistemas de distribuci\u00f3n de informaci\u00f3n de boletaje usados por 200,000 agencias de viaje. La informaci\u00f3n no incluye viajes reservados directamente con las aerol\u00edneas, que representan cerca de la mitad de todo el boletaje.<\/p>\n<\/p>\n<p>Forward Data dijo que las cancelaciones entre pasajeros que de antemano hab\u00edan comprado boletos aumentaron en los d\u00edas posteriores a los ataques pero volvieron a niveles normales en una semana.<\/p>\n<h6> 2015-11-25 18:12:08 <\/h6>\n<p><!--\n<link rel=\"stylesheet\" href=\"css\/bootstrap.min.css\">\n\n\n<ul class=\"pagination\">\n\t    \n\t\n\n<li >\n\t<a href='?page_no=21937'>Previous<\/a>\n\t<\/li>\n\n\n       \n    \n\n<li><a href='?page_no=1'>1<\/a><\/li>\n\n\n\n<li><a href='?page_no=2'>2<\/a><\/li>\n\n\n\n<li><a>...<\/a><\/li>\n\n\n\n<li><a href='?page_no=21936'>21936<\/a><\/li>\n\n\n\n<li><a href='?page_no=21937'>21937<\/a><\/li>\n\n\n\n<li class='active'><a>21938<\/a><\/li>\n\n\n\n<li><a href='?page_no=21939'>21939<\/a><\/li>\n\n\n\n<li><a href='?page_no=21940'>21940<\/a><\/li>\n\n\n\n<li><a>...<\/a><\/li>\n\n\n\n<li><a href='?page_no=51012'>51012<\/a><\/li>\n\n\n\n<li><a href='?page_no=51013'>51013<\/a><\/li>\n\n    \n\t\n\n<li >\n\t<a href='?page_no=21939'>Next<\/a>\n\t<\/li>\n\n\n    \n\n<li><a href='?page_no=51013'>Last &rsaquo;&rsaquo;<\/a><\/li>\n\n<\/ul>\n\n\n--><br \/>\n<\/body><\/p>\n","protected":false},"excerpt":{"rendered":"<p>mi\u00e9rcoles, 25 de noviembre de 2015 &#8211; 6:45 PM Por The Associated Press Torre Eiffel El d\u00eda despu\u00e9s de los ataques, hubo una p\u00e9rdida de 14% en comparaci\u00f3n con el mismo d\u00eda un a\u00f1o previo, seguido por ca\u00eddas en los rangos entre 20% y 30% del 15 al 20 de noviembre. (EFE) Los \u00edndices de [&hellip;]<\/p>\n","protected":false},"author":3,"featured_media":0,"comment_status":"open","ping_status":"open","sticky":false,"template":"","format":"standard","meta":{"footnotes":""},"categories":[23],"tags":[],"class_list":["post-252293","post","type-post","status-publish","format-standard","hentry","category-internacional"],"_links":{"self":[{"href":"https:\/\/diariodominicano.com\/index.php?rest_route=\/wp\/v2\/posts\/252293","targetHints":{"allow":["GET"]}}],"collection":[{"href":"https:\/\/diariodominicano.com\/index.php?rest_route=\/wp\/v2\/posts"}],"about":[{"href":"https:\/\/diariodominicano.com\/index.php?rest_route=\/wp\/v2\/types\/post"}],"author":[{"embeddable":true,"href":"https:\/\/diariodominicano.com\/index.php?rest_route=\/wp\/v2\/users\/3"}],"replies":[{"embeddable":true,"href":"https:\/\/diariodominicano.com\/index.php?rest_route=%2Fwp%2Fv2%2Fcomments&post=252293"}],"version-history":[{"count":0,"href":"https:\/\/diariodominicano.com\/index.php?rest_route=\/wp\/v2\/posts\/252293\/revisions"}],"wp:attachment":[{"href":"https:\/\/diariodominicano.com\/index.php?rest_route=%2Fwp%2Fv2%2Fmedia&parent=252293"}],"wp:term":[{"taxonomy":"category","embeddable":true,"href":"https:\/\/diariodominicano.com\/index.php?rest_route=%2Fwp%2Fv2%2Fcategories&post=252293"},{"taxonomy":"post_tag","embeddable":true,"href":"https:\/\/diariodominicano.com\/index.php?rest_route=%2Fwp%2Fv2%2Ftags&post=252293"}],"curies":[{"name":"wp","href":"https:\/\/api.w.org\/{rel}","templated":true}]}}