{"id":252291,"date":"2015-11-26T11:56:05","date_gmt":"2015-11-26T11:56:05","guid":{"rendered":"http:\/\/diariodominicano.ddns.net\/?p=252291"},"modified":"2015-11-26T11:56:05","modified_gmt":"2015-11-26T11:56:05","slug":"xi-jinping-urge-reforma-estructural-de-fuerzas-armadas","status":"publish","type":"post","link":"https:\/\/diariodominicano.com\/?p=252291","title":{"rendered":"Xi Jinping urge reforma estructural de fuerzas armadas"},"content":{"rendered":"<p><body><\/p>\n<p><img decoding=\"async\" src=\"img3\/134858797_14485428752001n.jpg\" \/>  <\/p>\n<\/p>\n<p><strong>BEIJING, 26 nov (Xinhua) &#8212;<\/strong> El presidente chino, Xi Jinping, ha pedido avances en la reforma de las fuerzas armadas del pa\u00eds para 2020, con el compromiso de reorganizar la actual estructura de administraci\u00f3n militar y de las \u00e1reas de comando militar.<\/p>\n<\/p>\n<p>Xi, tambi\u00e9n presidente de la Comisi\u00f3n Militar Central (CMC), realiz\u00f3 estas declaraciones en una reuni\u00f3n sobre la reforma de las fuerzas armadas que se celebr\u00f3 del 24 al 26 de noviembre.<\/p>\n<\/p>\n<p>Se establecer\u00e1 una nueva estructura en la que la CMC se har\u00e1 cargo de la administraci\u00f3n general del Ej\u00e9rcito Popular de Liberaci\u00f3n (EPL) y las fuerzas armadas; las zonas de comando de batalla se centrar\u00e1n en el combate; y las diferentes fuerzas militares seguir\u00e1n su propia construcci\u00f3n, se\u00f1al\u00f3 Xi.<\/p>\n<\/p>\n<p>Al exhortar al EPL a mantener la \u00abcorrecta direcci\u00f3n pol\u00edtica\u00bb, Xi perfil\u00f3 \u00abuna serie de dise\u00f1os y arreglos\u00bb para consolidar el principio b\u00e1sico de que \u00abel Partido Comunista de China (PCCh) tiene el liderazgo absoluto de las fuerzas armadas\u00bb.<\/p>\n<\/p>\n<p>De acuerdo con el mandatario, \u00abel liderazgo centralizado y unificado\u00bb de la CMC debe ser intensificado para asegurar que la administraci\u00f3n suprema y el estatus de comando pertenecen a la CMC y al Comit\u00e9 Central del PCCh.<\/p>\n<\/p>\n<p>Xi cit\u00f3 una serie de medidas destinadas a \u00abintegrar el sistema administrativo y el de comando conjunto de batalla\u00bb, incluida establecer un centro de comando general para las fuerzas terrestres y permitir a la CMC administrar y comandar directamente los diversos departamentos militares.<\/p>\n<\/p>\n<p>Los actuales comandos militares regionales ser\u00e1n reajustados y reorganizados para convertirlos en nuevas zonas de comando de batalla bajo la supervisi\u00f3n de la CMC, dijo Xi.<\/p>\n<\/p>\n<p>La reforma establecer\u00e1 un sistema de comando a tres niveles \u00abCMC-zonas de comando de batalla-tropas\u00bb, y un sistema de administraci\u00f3n que ir\u00e1 de la CMC a las diferentes fuerzas militares hasta llegar a las tropas.<\/p>\n<h6> 2015-11-26 11:56:05 <\/h6>\n<p><!--\n<link rel=\"stylesheet\" href=\"css\/bootstrap.min.css\">\n\n\n<ul class=\"pagination\">\n\t    \n\t\n\n<li >\n\t<a href='?page_no=21935'>Previous<\/a>\n\t<\/li>\n\n\n       \n    \n\n<li><a href='?page_no=1'>1<\/a><\/li>\n\n\n\n<li><a href='?page_no=2'>2<\/a><\/li>\n\n\n\n<li><a>...<\/a><\/li>\n\n\n\n<li><a href='?page_no=21934'>21934<\/a><\/li>\n\n\n\n<li><a href='?page_no=21935'>21935<\/a><\/li>\n\n\n\n<li class='active'><a>21936<\/a><\/li>\n\n\n\n<li><a href='?page_no=21937'>21937<\/a><\/li>\n\n\n\n<li><a href='?page_no=21938'>21938<\/a><\/li>\n\n\n\n<li><a>...<\/a><\/li>\n\n\n\n<li><a href='?page_no=51012'>51012<\/a><\/li>\n\n\n\n<li><a href='?page_no=51013'>51013<\/a><\/li>\n\n    \n\t\n\n<li >\n\t<a href='?page_no=21937'>Next<\/a>\n\t<\/li>\n\n\n    \n\n<li><a href='?page_no=51013'>Last &rsaquo;&rsaquo;<\/a><\/li>\n\n<\/ul>\n\n\n--><br \/>\n<\/body><\/p>\n","protected":false},"excerpt":{"rendered":"<p>BEIJING, 26 nov (Xinhua) &#8212; El presidente chino, Xi Jinping, ha pedido avances en la reforma de las fuerzas armadas del pa\u00eds para 2020, con el compromiso de reorganizar la actual estructura de administraci\u00f3n militar y de las \u00e1reas de comando militar. Xi, tambi\u00e9n presidente de la Comisi\u00f3n Militar Central (CMC), realiz\u00f3 estas declaraciones en [&hellip;]<\/p>\n","protected":false},"author":3,"featured_media":0,"comment_status":"open","ping_status":"open","sticky":false,"template":"","format":"standard","meta":{"footnotes":""},"categories":[23],"tags":[],"class_list":["post-252291","post","type-post","status-publish","format-standard","hentry","category-internacional"],"_links":{"self":[{"href":"https:\/\/diariodominicano.com\/index.php?rest_route=\/wp\/v2\/posts\/252291","targetHints":{"allow":["GET"]}}],"collection":[{"href":"https:\/\/diariodominicano.com\/index.php?rest_route=\/wp\/v2\/posts"}],"about":[{"href":"https:\/\/diariodominicano.com\/index.php?rest_route=\/wp\/v2\/types\/post"}],"author":[{"embeddable":true,"href":"https:\/\/diariodominicano.com\/index.php?rest_route=\/wp\/v2\/users\/3"}],"replies":[{"embeddable":true,"href":"https:\/\/diariodominicano.com\/index.php?rest_route=%2Fwp%2Fv2%2Fcomments&post=252291"}],"version-history":[{"count":0,"href":"https:\/\/diariodominicano.com\/index.php?rest_route=\/wp\/v2\/posts\/252291\/revisions"}],"wp:attachment":[{"href":"https:\/\/diariodominicano.com\/index.php?rest_route=%2Fwp%2Fv2%2Fmedia&parent=252291"}],"wp:term":[{"taxonomy":"category","embeddable":true,"href":"https:\/\/diariodominicano.com\/index.php?rest_route=%2Fwp%2Fv2%2Fcategories&post=252291"},{"taxonomy":"post_tag","embeddable":true,"href":"https:\/\/diariodominicano.com\/index.php?rest_route=%2Fwp%2Fv2%2Ftags&post=252291"}],"curies":[{"name":"wp","href":"https:\/\/api.w.org\/{rel}","templated":true}]}}