{"id":252290,"date":"2015-11-26T12:32:39","date_gmt":"2015-11-26T12:32:39","guid":{"rendered":"http:\/\/diariodominicano.ddns.net\/?p=252290"},"modified":"2015-11-26T12:32:39","modified_gmt":"2015-11-26T12:32:39","slug":"ee-uu-dia-de-accion-de-gracias-matizado-por-amenazas-terroristas","status":"publish","type":"post","link":"https:\/\/diariodominicano.com\/?p=252290","title":{"rendered":"&#13;EE.UU.: D\u00eda de Acci\u00f3n de Gracias matizado por amenazas terroristas\t &#13;"},"content":{"rendered":"<p><body><\/p>\n<p><img decoding=\"async\" src=\"img3\/usaterrorismoalerta.jpg\" \/>  <\/p>\n<p><span class=\"text1noticias\">Washington, 26 nov (PL) Los estadounidenses celebran hoy el D\u00eda de Acci\u00f3n de Gracias (Thanksgiving), en medio de la incertidumbre sobre posibles acciones terroristas y de una eventual escalada de las fuerzas armadas de este pa\u00eds en el conflicto del Medio Oriente.<\/span><\/p>\n<\/p>\n<p><span class=\"text1noticias\">Esta festividad, que tiene un car\u00e1cter secular m\u00e1s que religioso, es ocasi\u00f3n para reunir en una cena a familiares y amigos.<\/span><\/p>\n<\/p>\n<p><span class=\"text1noticias\">En este contexto millones de norteamericanos se trasladan por v\u00eda a\u00e9rea o por carretera para acudir a sus citas, lo que provoca un verdadero embotellamiento en las principales autopistas y la saturaci\u00f3n del transporte, sobre todo cuando la situaci\u00f3n meteorol\u00f3gica se complica. El movimiento de los ciudadanos provoca que las autoridades tomen medidas excepcionales de seguridad, en particular este a\u00f1o, en el que el Estado Isl\u00e1mico (EI) amenaz\u00f3 con realizar ataques violentos en las principales ciudades norteamericanas, similares a los de Par\u00eds, Francia, que provocaron 130 muertos.<\/span><\/p>\n<\/p>\n<p><span class=\"text1noticias\">No obstante, para tranquilizar a sus conciudadanos, el presidente Barack Obama se\u00f1al\u00f3 la v\u00edspera que no existe un peligro espec\u00edfico de acci\u00f3n extremista contra este pa\u00eds en el futuro inmediato, aunque advirti\u00f3 sobre la necesidad de mantenerse alerta en todo momento, y asegur\u00f3 que su Gobierno eval\u00faa la situaci\u00f3n resultante de las amenazas de los grupos fundamentalistas.<\/span><\/p>\n<\/p>\n<p><span class=\"text1noticias\">Los norteamericanos esperan este d\u00eda, adem\u00e1s, en medio de especulaciones y debates acerca de la forma en que sus gobernantes cumplir\u00e1n la promesa de arreciar la lucha contra el EI en Iraq y Siria, y si esto significar\u00e1 el env\u00edo de grandes contingentes de tropas terrestres y por tanto el involucramiento en un nuevo conflicto.<\/span><\/p>\n<\/p>\n<p><span class=\"text1noticias\">Esta preocupaci\u00f3n tom\u00f3 nuevos matices tras el reciente derribo de un avi\u00f3n Su-24 ruso por un cazainterceptor F-16 de Turqu\u00eda dentro del espacio a\u00e9reo sirio, lo que provoc\u00f3 un incremento de las tensiones en la regi\u00f3n.<\/span><\/p>\n<\/p>\n<p><span class=\"text1noticias\">Pero a poco menos de un a\u00f1o de las presidenciales de 2016, la pol\u00edtica tambi\u00e9n est\u00e1 ligada a esta celebraci\u00f3n que re\u00fane en muchas familias a personas de distintas militancias y otras que no creen en sus l\u00edderes.<\/span><\/p>\n<\/p>\n<p><span class=\"text1noticias\">Al respecto, el Comit\u00e9 Nacional del Partido Dem\u00f3crata estren\u00f3 una versi\u00f3n actualizada del sitio YourRepublicanUncle.com (SuT\u00edoRepublicano.com) mediante el cual los correligionarios de Obama intentan armar a sus seguidores con las municiones ret\u00f3ricas que necesitan para discutir con sus familiares del bando rojo.<\/span><\/p>\n<\/p>\n<p><span class=\"text1noticias\">El Thanksgiving tiene sus or\u00edgenes en el a\u00f1o 1620, en una celebraci\u00f3n en Plymouth, en el actual estado de Massachusetts, aunque hay evidencias de festividades anteriores con prop\u00f3sitos similares.<\/span><\/p>\n<\/p>\n<p><span class=\"text1noticias\">La tradici\u00f3n comenz\u00f3 cuando los peregrinos llegaron de Inglaterra a este territorio y los indios les ayudaron a sobrevivir un fuerte invierno.<\/span><\/p>\n<\/p>\n<p><span class=\"text1noticias\">En gesto de agradecimiento, los inmigrantes organizaron una gran cena e invitaron a los nativos a festejar todos juntos en la mesa. Sin embargo, fue el presidente George Washington quien oficializ\u00f3 esta celebraci\u00f3n el 3 de octubre de 1789, al emitir una proclama en la que designaba el  26 de noviembre , como un d\u00eda de fiesta, gracias y humildad.Actualmente se celebra el cuarto jueves de noviembre de cada a\u00f1o.<\/span><\/p>\n<h6> 2015-11-26 12:32:39 <\/h6>\n<p><!--\n<link rel=\"stylesheet\" href=\"css\/bootstrap.min.css\">\n\n\n<ul class=\"pagination\">\n\t    \n\t\n\n<li >\n\t<a href='?page_no=21934'>Previous<\/a>\n\t<\/li>\n\n\n       \n    \n\n<li><a href='?page_no=1'>1<\/a><\/li>\n\n\n\n<li><a href='?page_no=2'>2<\/a><\/li>\n\n\n\n<li><a>...<\/a><\/li>\n\n\n\n<li><a href='?page_no=21933'>21933<\/a><\/li>\n\n\n\n<li><a href='?page_no=21934'>21934<\/a><\/li>\n\n\n\n<li class='active'><a>21935<\/a><\/li>\n\n\n\n<li><a href='?page_no=21936'>21936<\/a><\/li>\n\n\n\n<li><a href='?page_no=21937'>21937<\/a><\/li>\n\n\n\n<li><a>...<\/a><\/li>\n\n\n\n<li><a href='?page_no=51012'>51012<\/a><\/li>\n\n\n\n<li><a href='?page_no=51013'>51013<\/a><\/li>\n\n    \n\t\n\n<li >\n\t<a href='?page_no=21936'>Next<\/a>\n\t<\/li>\n\n\n    \n\n<li><a href='?page_no=51013'>Last &rsaquo;&rsaquo;<\/a><\/li>\n\n<\/ul>\n\n\n--><br \/>\n<\/body><\/p>\n","protected":false},"excerpt":{"rendered":"<p>Washington, 26 nov (PL) Los estadounidenses celebran hoy el D\u00eda de Acci\u00f3n de Gracias (Thanksgiving), en medio de la incertidumbre sobre posibles acciones terroristas y de una eventual escalada de las fuerzas armadas de este pa\u00eds en el conflicto del Medio Oriente. Esta festividad, que tiene un car\u00e1cter secular m\u00e1s que religioso, es ocasi\u00f3n para [&hellip;]<\/p>\n","protected":false},"author":3,"featured_media":0,"comment_status":"open","ping_status":"open","sticky":false,"template":"","format":"standard","meta":{"footnotes":""},"categories":[23],"tags":[],"class_list":["post-252290","post","type-post","status-publish","format-standard","hentry","category-internacional"],"_links":{"self":[{"href":"https:\/\/diariodominicano.com\/index.php?rest_route=\/wp\/v2\/posts\/252290","targetHints":{"allow":["GET"]}}],"collection":[{"href":"https:\/\/diariodominicano.com\/index.php?rest_route=\/wp\/v2\/posts"}],"about":[{"href":"https:\/\/diariodominicano.com\/index.php?rest_route=\/wp\/v2\/types\/post"}],"author":[{"embeddable":true,"href":"https:\/\/diariodominicano.com\/index.php?rest_route=\/wp\/v2\/users\/3"}],"replies":[{"embeddable":true,"href":"https:\/\/diariodominicano.com\/index.php?rest_route=%2Fwp%2Fv2%2Fcomments&post=252290"}],"version-history":[{"count":0,"href":"https:\/\/diariodominicano.com\/index.php?rest_route=\/wp\/v2\/posts\/252290\/revisions"}],"wp:attachment":[{"href":"https:\/\/diariodominicano.com\/index.php?rest_route=%2Fwp%2Fv2%2Fmedia&parent=252290"}],"wp:term":[{"taxonomy":"category","embeddable":true,"href":"https:\/\/diariodominicano.com\/index.php?rest_route=%2Fwp%2Fv2%2Fcategories&post=252290"},{"taxonomy":"post_tag","embeddable":true,"href":"https:\/\/diariodominicano.com\/index.php?rest_route=%2Fwp%2Fv2%2Ftags&post=252290"}],"curies":[{"name":"wp","href":"https:\/\/api.w.org\/{rel}","templated":true}]}}