{"id":252288,"date":"2015-11-26T12:42:07","date_gmt":"2015-11-26T12:42:07","guid":{"rendered":"http:\/\/diariodominicano.ddns.net\/?p=252288"},"modified":"2015-11-26T12:42:07","modified_gmt":"2015-11-26T12:42:07","slug":"rusia-ratifica-medidas-en-respuesta-a-turquia-por-derribo-de-avion","status":"publish","type":"post","link":"https:\/\/diariodominicano.com\/?p=252288","title":{"rendered":"&#13;Rusia ratifica medidas en respuesta a Turqu\u00eda por derribo de avi\u00f3n"},"content":{"rendered":"<p><body><\/p>\n<p><img decoding=\"async\" src=\"img3\/rusia_dimitriv_mediviedev.jpg\" \/>  <\/p>\n<p><span class=\"text1noticias\"> <\/span><\/p>\n<p><span class=\"text1noticias\">  <\/span><\/p>\n<p><span class=\"text1noticias\">Mosc\u00fa, 26 nov (PL) El primer ministro de Rusia, Dmitri Medv\u00e9dev, ratific\u00f3 hoy inminentes medidas de respuestas contra Turqu\u00eda por el derribo de un avi\u00f3n militar ruso en territorio de Siria, con saldo de un oficial muerto.<\/span><\/p>\n<\/p>\n<p><span class=\"text1noticias\">Al iniciar la reuni\u00f3n del ejecutivo sobre un an\u00e1lisis del paquete de represalias, Medv\u00e9dev reiter\u00f3 que fue un acto de agresi\u00f3n de las fuerzas a\u00e9reas turcas, de \u00abnuestro vecino y miembro de la alianza noratl\u00e1ntica\u00bb, enfatiz\u00f3.<\/span><\/p>\n<\/p>\n<p><span class=\"text1noticias\">Dijo que en respuesta Mosc\u00fa adoptar\u00e1 medidas militares, diplom\u00e1ticas y de car\u00e1cter econ\u00f3mico, que afectar\u00e1n sin duda los proyectos conjuntos y las inversiones turcas.<\/span><\/p>\n<\/p>\n<p><span class=\"text1noticias\">A la ya evidente reacci\u00f3n indic\u00f3 el primer ministro que seguir\u00e1n otras en el plano econ\u00f3mico, fundamentalmente contra lo que calific\u00f3 de crimen.<\/span><\/p>\n<\/p>\n<p><span class=\"text1noticias\">El presidente Vladimir Putin expres\u00f3 este jueves en una ceremonia del Kremlin ante diplom\u00e1ticos de otros pa\u00edses que Ankara daba la impresi\u00f3n de conducir deliberadamente las relaciones bilaterales a un callej\u00f3n sin salida, lo cual lamentaba Rusia.<\/span><\/p>\n<\/p>\n<p><span class=\"text1noticias\">Mosc\u00fa insiste en que la tripulaci\u00f3n del Su-24 derribado por un cohetazo de un caza F-16 no viol\u00f3 el espacio a\u00e9reo de Turqu\u00eda.<\/span><\/p>\n<\/p>\n<p><span class=\"text1noticias\">Dijo Medv\u00e9dev que el Presidente indic\u00f3 al Ejecutivo trabajar en el dise\u00f1o de un paquete de medidas en las esferas econ\u00f3micas y humanitarias, en virtud de la ley vigente desde 2006 que supone tales pasos ante situaciones extremas.<\/span><\/p>\n<\/p>\n<p><span class=\"text1noticias\">Se refiri\u00f3 a las afectaciones al programa de cooperaci\u00f3n econ\u00f3mica e inversionista ruso-turco (2016-2020), a las restricciones de operaciones financieras y transacciones comerciales.<\/span><\/p>\n<\/p>\n<p><span class=\"text1noticias\">Los sectores del turismo, transportaci\u00f3n de mercanc\u00edas, transporte a\u00e9reo y mar\u00edtimo y los contactos humanitarios est\u00e1n en la mira de las contra respuestas de Mosc\u00fa. Asimismo, el jefe de gabinete mencion\u00f3 las restricciones al trabajo de las compa\u00f1\u00edas turcas y a la fuerza laboral de ese pa\u00eds en el mercado ruso.<\/span><\/p>\n<\/p>\n<p><span class=\"text1noticias\">Seg\u00fan el jefe de gabinete, no se descarta un embargo a productos y alimentos procedentes del vecino pa\u00eds, estrecho socio comercial hasta hace poco, y de confianza, enfatiz\u00f3 Medv\u00e9dev en referencia a los proyectos impulsados por los presidentes.<\/span><\/p>\n<\/p>\n<p><span class=\"text1noticias\">Al respecto, el ministro de Desarrollo Econ\u00f3mico, Alex\u00e9i Uliukaev, dijo que las normas de la Organizaci\u00f3n Mundial de Comercio permit\u00edan a Rusia implantar una serie de restricciones contra Turqu\u00eda.<\/span><\/p>\n<\/p>\n<p><span class=\"text1noticias\">La portavoz de la canciller\u00eda, Maria Zajarova, advirti\u00f3 este jueves que la tragedia del avi\u00f3n ruso se reflejar\u00e1 en todos los aspectos de las relaciones con Turqu\u00eda, sin excepci\u00f3n.<\/span><\/p>\n<h6> 2015-11-26 12:42:07 <\/h6>\n<p><!--\n<link rel=\"stylesheet\" href=\"css\/bootstrap.min.css\">\n\n\n<ul class=\"pagination\">\n\t    \n\t\n\n<li >\n\t<a href='?page_no=21932'>Previous<\/a>\n\t<\/li>\n\n\n       \n    \n\n<li><a href='?page_no=1'>1<\/a><\/li>\n\n\n\n<li><a href='?page_no=2'>2<\/a><\/li>\n\n\n\n<li><a>...<\/a><\/li>\n\n\n\n<li><a href='?page_no=21931'>21931<\/a><\/li>\n\n\n\n<li><a href='?page_no=21932'>21932<\/a><\/li>\n\n\n\n<li class='active'><a>21933<\/a><\/li>\n\n\n\n<li><a href='?page_no=21934'>21934<\/a><\/li>\n\n\n\n<li><a href='?page_no=21935'>21935<\/a><\/li>\n\n\n\n<li><a>...<\/a><\/li>\n\n\n\n<li><a href='?page_no=51012'>51012<\/a><\/li>\n\n\n\n<li><a href='?page_no=51013'>51013<\/a><\/li>\n\n    \n\t\n\n<li >\n\t<a href='?page_no=21934'>Next<\/a>\n\t<\/li>\n\n\n    \n\n<li><a href='?page_no=51013'>Last &rsaquo;&rsaquo;<\/a><\/li>\n\n<\/ul>\n\n\n--><br \/>\n<\/body><\/p>\n","protected":false},"excerpt":{"rendered":"<p>Mosc\u00fa, 26 nov (PL) El primer ministro de Rusia, Dmitri Medv\u00e9dev, ratific\u00f3 hoy inminentes medidas de respuestas contra Turqu\u00eda por el derribo de un avi\u00f3n militar ruso en territorio de Siria, con saldo de un oficial muerto. Al iniciar la reuni\u00f3n del ejecutivo sobre un an\u00e1lisis del paquete de represalias, Medv\u00e9dev reiter\u00f3 que fue un [&hellip;]<\/p>\n","protected":false},"author":3,"featured_media":0,"comment_status":"open","ping_status":"open","sticky":false,"template":"","format":"standard","meta":{"footnotes":""},"categories":[23],"tags":[],"class_list":["post-252288","post","type-post","status-publish","format-standard","hentry","category-internacional"],"_links":{"self":[{"href":"https:\/\/diariodominicano.com\/index.php?rest_route=\/wp\/v2\/posts\/252288","targetHints":{"allow":["GET"]}}],"collection":[{"href":"https:\/\/diariodominicano.com\/index.php?rest_route=\/wp\/v2\/posts"}],"about":[{"href":"https:\/\/diariodominicano.com\/index.php?rest_route=\/wp\/v2\/types\/post"}],"author":[{"embeddable":true,"href":"https:\/\/diariodominicano.com\/index.php?rest_route=\/wp\/v2\/users\/3"}],"replies":[{"embeddable":true,"href":"https:\/\/diariodominicano.com\/index.php?rest_route=%2Fwp%2Fv2%2Fcomments&post=252288"}],"version-history":[{"count":0,"href":"https:\/\/diariodominicano.com\/index.php?rest_route=\/wp\/v2\/posts\/252288\/revisions"}],"wp:attachment":[{"href":"https:\/\/diariodominicano.com\/index.php?rest_route=%2Fwp%2Fv2%2Fmedia&parent=252288"}],"wp:term":[{"taxonomy":"category","embeddable":true,"href":"https:\/\/diariodominicano.com\/index.php?rest_route=%2Fwp%2Fv2%2Fcategories&post=252288"},{"taxonomy":"post_tag","embeddable":true,"href":"https:\/\/diariodominicano.com\/index.php?rest_route=%2Fwp%2Fv2%2Ftags&post=252288"}],"curies":[{"name":"wp","href":"https:\/\/api.w.org\/{rel}","templated":true}]}}