{"id":252287,"date":"2015-11-26T12:46:43","date_gmt":"2015-11-26T12:46:43","guid":{"rendered":"http:\/\/diariodominicano.ddns.net\/?p=252287"},"modified":"2015-11-26T12:46:43","modified_gmt":"2015-11-26T12:46:43","slug":"intenso-ajetreo-y-alta-seguridad-en-sitio-que-acogera-a-la-cop21","status":"publish","type":"post","link":"https:\/\/diariodominicano.com\/?p=252287","title":{"rendered":"Intenso ajetreo y alta seguridad en sitio que acoger\u00e1 a la COP21"},"content":{"rendered":"<p><body><\/p>\n<p><img decoding=\"async\" src=\"img3\/cambio-climaticocop21prepa1.jpg\" \/>  <\/p>\n<\/p>\n<p><span class=\"text1noticias\">El ir y venir de personas es constante, principalmente de los encargados de crear las condiciones para que todo est\u00e9 listo cuando faltan unas 72 horas para que comience el evento.<\/span><\/p>\n<\/p>\n<p><span class=\"text1noticias\">La COP21 ser\u00e1 una de las conferencias m\u00e1s grandes sobre ese tema. Para recibir en las mejores condiciones a las aproximadamente 40 mil personas esperadas, se escogi\u00f3 el sitio Le Bourget por su capacidad y accesibilidad, precisan los organizadores.<\/span><\/p>\n<\/p>\n<p><span class=\"text1noticias\">En el coraz\u00f3n del centro de conferencia se \u00abcocinar\u00e1\u00bb el plato fuerte de la cumbre. Abierto \u00fanicamente a las personas acreditadas, esa zona, bajo la responsabilidad de la Secretar\u00eda de la Convenci\u00f3n Marco de las Naciones Unidas sobre el Cambio Clim\u00e1tico, vivir\u00e1 al ritmo de las negociaciones y funcionar\u00e1 casi a tiempo completo.<\/span><\/p>\n<\/p>\n<p><span class=\"text1noticias\">El centro comprende dos salas plenarias que ser\u00e1n el foco neur\u00e1lgico de las negociaciones.<\/span><\/p>\n<\/p>\n<p><span class=\"text1noticias\">Adem\u00e1s se dispondr\u00e1 de 32 salas de negociaci\u00f3n para pulir los textos; un centro de prensa donde trabajar\u00e1n cerca de tres mil periodistas de todo el orbe; y otros espacios reservados a la presidente del evento, al equipo de Naciones Unidas, a las delegaciones, entre otros.<\/span><\/p>\n<\/p>\n<p><span class=\"text1noticias\">Resulta evidente el amplio dispositivo de seguridad implementado para garantizar la protecci\u00f3n de la cita, que arrancar\u00e1 a poco m\u00e1s de dos semanas de los atentados mortales en la capital francesa. Para acceder al sitio es necesario pasar por varios controles.<\/span><\/p>\n<\/p>\n<p><span class=\"text1noticias\">El ministro galo del Interior, Bernard Cazeneuve, inform\u00f3 esta semana de la movilizaci\u00f3n de cerca de 11 mil polic\u00edas y gendarmes para encargarse de la seguridad.<\/span><\/p>\n<\/p>\n<p><span class=\"text1noticias\">Unos ocho mil hombres son desplegados en las fronteras de Francia con el fin de efectuar los controles y dos mil 800 deber\u00e1n garantizar la protecci\u00f3n del recinto que acoger\u00e1 el evento.<\/span><\/p>\n<\/p>\n<p><span class=\"text1noticias\">Cazeneuve inst\u00f3 a los parisinos a no utilizar los veh\u00edculos personales el domingo y el lunes y a privilegiar el uso de las redes de transporte com\u00fan, las cuales ser\u00e1n gratuitas durante esas dos jornadas.<\/span><\/p>\n<\/p>\n<p><span class=\"text1noticias\">Tambi\u00e9n record\u00f3 que los prefectos pueden prohibir las manifestaciones en todo el territorio en el contexto del estado de emergencia vigente desde los atentados del pasado 13 de noviembre en la Ciudad Luz.<\/span><\/p>\n<\/p>\n<p><span class=\"text1noticias\">Unos 147 jefes de Estado o Gobierno deben participar en la cita, la cual reunir\u00e1 a delegaciones de m\u00e1s de 190 pa\u00edses.<\/span><\/p>\n<\/p>\n<p><span class=\"text1noticias\">Si bien el gobierno galo afirm\u00f3 tras los ataques que se mantendr\u00eda la cumbre, el encuentro se reducir\u00e1 a la negociaci\u00f3n, comunic\u00f3 el primer ministro Manuel Valls.<\/span><\/p>\n<\/p>\n<p><span class=\"text1noticias\">La conferencia, que culminar\u00e1 el 11 de diciembre, se enfocar\u00e1 en los debates centrales mientras que los conciertos y manifestaciones m\u00e1s festivas ser\u00e1n anulados, declar\u00f3.<\/span><\/p>\n<\/p>\n<p><span class=\"text1noticias\">El encuentro del orbe estar\u00e1 centrado en limitar el aumento de la temperatura global hasta el nivel recomendado de dos grados cent\u00edgrados este siglo. Si se supera ese l\u00edmite, el mundo afrontar\u00e1 un futuro plagado de sequ\u00edas, inundaciones y un devastador incremento del nivel del mar, advierten los cient\u00edficos.<\/span><\/p>\n<\/p>\n<p><span class=\"text1noticias\">Expertos consideran que garantizar la seguridad de los participantes constituir\u00e1 un gran desaf\u00edo en un contexto marcado por los recientes atentados. Algunos opinan incluso que lo ocurrido cambi\u00f3 el rostro de la cumbre.<\/span><\/p>\n<\/p>\n<h6> 2015-11-26 12:46:43 <\/h6>\n<p><!--\n<link rel=\"stylesheet\" href=\"css\/bootstrap.min.css\">\n\n\n<ul class=\"pagination\">\n\t    \n\t\n\n<li >\n\t<a href='?page_no=21931'>Previous<\/a>\n\t<\/li>\n\n\n       \n    \n\n<li><a href='?page_no=1'>1<\/a><\/li>\n\n\n\n<li><a href='?page_no=2'>2<\/a><\/li>\n\n\n\n<li><a>...<\/a><\/li>\n\n\n\n<li><a href='?page_no=21930'>21930<\/a><\/li>\n\n\n\n<li><a href='?page_no=21931'>21931<\/a><\/li>\n\n\n\n<li class='active'><a>21932<\/a><\/li>\n\n\n\n<li><a href='?page_no=21933'>21933<\/a><\/li>\n\n\n\n<li><a href='?page_no=21934'>21934<\/a><\/li>\n\n\n\n<li><a>...<\/a><\/li>\n\n\n\n<li><a href='?page_no=51012'>51012<\/a><\/li>\n\n\n\n<li><a href='?page_no=51013'>51013<\/a><\/li>\n\n    \n\t\n\n<li >\n\t<a href='?page_no=21933'>Next<\/a>\n\t<\/li>\n\n\n    \n\n<li><a href='?page_no=51013'>Last &rsaquo;&rsaquo;<\/a><\/li>\n\n<\/ul>\n\n\n--><br \/>\n<\/body><\/p>\n","protected":false},"excerpt":{"rendered":"<p>El ir y venir de personas es constante, principalmente de los encargados de crear las condiciones para que todo est\u00e9 listo cuando faltan unas 72 horas para que comience el evento. La COP21 ser\u00e1 una de las conferencias m\u00e1s grandes sobre ese tema. Para recibir en las mejores condiciones a las aproximadamente 40 mil personas [&hellip;]<\/p>\n","protected":false},"author":3,"featured_media":0,"comment_status":"open","ping_status":"open","sticky":false,"template":"","format":"standard","meta":{"footnotes":""},"categories":[23],"tags":[],"class_list":["post-252287","post","type-post","status-publish","format-standard","hentry","category-internacional"],"_links":{"self":[{"href":"https:\/\/diariodominicano.com\/index.php?rest_route=\/wp\/v2\/posts\/252287","targetHints":{"allow":["GET"]}}],"collection":[{"href":"https:\/\/diariodominicano.com\/index.php?rest_route=\/wp\/v2\/posts"}],"about":[{"href":"https:\/\/diariodominicano.com\/index.php?rest_route=\/wp\/v2\/types\/post"}],"author":[{"embeddable":true,"href":"https:\/\/diariodominicano.com\/index.php?rest_route=\/wp\/v2\/users\/3"}],"replies":[{"embeddable":true,"href":"https:\/\/diariodominicano.com\/index.php?rest_route=%2Fwp%2Fv2%2Fcomments&post=252287"}],"version-history":[{"count":0,"href":"https:\/\/diariodominicano.com\/index.php?rest_route=\/wp\/v2\/posts\/252287\/revisions"}],"wp:attachment":[{"href":"https:\/\/diariodominicano.com\/index.php?rest_route=%2Fwp%2Fv2%2Fmedia&parent=252287"}],"wp:term":[{"taxonomy":"category","embeddable":true,"href":"https:\/\/diariodominicano.com\/index.php?rest_route=%2Fwp%2Fv2%2Fcategories&post=252287"},{"taxonomy":"post_tag","embeddable":true,"href":"https:\/\/diariodominicano.com\/index.php?rest_route=%2Fwp%2Fv2%2Ftags&post=252287"}],"curies":[{"name":"wp","href":"https:\/\/api.w.org\/{rel}","templated":true}]}}