{"id":252286,"date":"2015-11-26T12:51:07","date_gmt":"2015-11-26T12:51:07","guid":{"rendered":"http:\/\/diariodominicano.ddns.net\/?p=252286"},"modified":"2015-11-26T12:51:07","modified_gmt":"2015-11-26T12:51:07","slug":"huracan-sandra-alcanza-categoria-cuatro-y-provoca-lluvias-en-mexico","status":"publish","type":"post","link":"https:\/\/diariodominicano.com\/?p=252286","title":{"rendered":"Hurac\u00e1n Sandra alcanza categor\u00eda cuatro y provoca lluvias en M\u00e9xico"},"content":{"rendered":"<p><body><\/p>\n<p><img decoding=\"async\" src=\"img3\/mexico-huracan.jpg\" \/>  <\/p>\n<\/p>\n<\/p>\n<p>Esta madrugada el meteoro se localizaba aproximadamente a 810 kil\u00f3metros al suroeste de Cabo Corrientes, Jalisco, y a 470 al suroeste de Isla Socorro, Colima.<\/p>\n<\/p>\n<p>Sandra registra vientos m\u00e1ximos sostenidos de 230 kil\u00f3metros por hora, rachas de hasta 280 y movimiento hacia el norte a 19 kil\u00f3metros por hora, seg\u00fan el parte m\u00e1s reciente del Servicio Meteorol\u00f3gico Nacional (SMN).<\/p>\n<\/p>\n<p>La circulaci\u00f3n de sus bandas nubosas generar\u00e1 lluvias muy fuertes en Baja California Sur y lluvias fuertes en Sinaloa, Durango, Nayarit, Jalisco, Colima y Michoac\u00e1n, as\u00ed como alto oleaje en las costas de esas entidades.<\/p>\n<\/p>\n<p>Sandra y el frente fr\u00edo n\u00famero 15 favorecer\u00e1n el potencial de lluvias fuertes y aisladas en gran parte de M\u00e9xico, inform\u00f3 el SMN.<\/p>\n<h6> 2015-11-26 12:51:07 <\/h6>\n<p><!--\n<link rel=\"stylesheet\" href=\"css\/bootstrap.min.css\">\n\n\n<ul class=\"pagination\">\n\t    \n\t\n\n<li >\n\t<a href='?page_no=21930'>Previous<\/a>\n\t<\/li>\n\n\n       \n    \n\n<li><a href='?page_no=1'>1<\/a><\/li>\n\n\n\n<li><a href='?page_no=2'>2<\/a><\/li>\n\n\n\n<li><a>...<\/a><\/li>\n\n\n\n<li><a href='?page_no=21929'>21929<\/a><\/li>\n\n\n\n<li><a href='?page_no=21930'>21930<\/a><\/li>\n\n\n\n<li class='active'><a>21931<\/a><\/li>\n\n\n\n<li><a href='?page_no=21932'>21932<\/a><\/li>\n\n\n\n<li><a href='?page_no=21933'>21933<\/a><\/li>\n\n\n\n<li><a>...<\/a><\/li>\n\n\n\n<li><a href='?page_no=51012'>51012<\/a><\/li>\n\n\n\n<li><a href='?page_no=51013'>51013<\/a><\/li>\n\n    \n\t\n\n<li >\n\t<a href='?page_no=21932'>Next<\/a>\n\t<\/li>\n\n\n    \n\n<li><a href='?page_no=51013'>Last &rsaquo;&rsaquo;<\/a><\/li>\n\n<\/ul>\n\n\n--><br \/>\n<\/body><\/p>\n","protected":false},"excerpt":{"rendered":"<p>Esta madrugada el meteoro se localizaba aproximadamente a 810 kil\u00f3metros al suroeste de Cabo Corrientes, Jalisco, y a 470 al suroeste de Isla Socorro, Colima. Sandra registra vientos m\u00e1ximos sostenidos de 230 kil\u00f3metros por hora, rachas de hasta 280 y movimiento hacia el norte a 19 kil\u00f3metros por hora, seg\u00fan el parte m\u00e1s reciente del [&hellip;]<\/p>\n","protected":false},"author":3,"featured_media":0,"comment_status":"open","ping_status":"open","sticky":false,"template":"","format":"standard","meta":{"footnotes":""},"categories":[23],"tags":[],"class_list":["post-252286","post","type-post","status-publish","format-standard","hentry","category-internacional"],"_links":{"self":[{"href":"https:\/\/diariodominicano.com\/index.php?rest_route=\/wp\/v2\/posts\/252286","targetHints":{"allow":["GET"]}}],"collection":[{"href":"https:\/\/diariodominicano.com\/index.php?rest_route=\/wp\/v2\/posts"}],"about":[{"href":"https:\/\/diariodominicano.com\/index.php?rest_route=\/wp\/v2\/types\/post"}],"author":[{"embeddable":true,"href":"https:\/\/diariodominicano.com\/index.php?rest_route=\/wp\/v2\/users\/3"}],"replies":[{"embeddable":true,"href":"https:\/\/diariodominicano.com\/index.php?rest_route=%2Fwp%2Fv2%2Fcomments&post=252286"}],"version-history":[{"count":0,"href":"https:\/\/diariodominicano.com\/index.php?rest_route=\/wp\/v2\/posts\/252286\/revisions"}],"wp:attachment":[{"href":"https:\/\/diariodominicano.com\/index.php?rest_route=%2Fwp%2Fv2%2Fmedia&parent=252286"}],"wp:term":[{"taxonomy":"category","embeddable":true,"href":"https:\/\/diariodominicano.com\/index.php?rest_route=%2Fwp%2Fv2%2Fcategories&post=252286"},{"taxonomy":"post_tag","embeddable":true,"href":"https:\/\/diariodominicano.com\/index.php?rest_route=%2Fwp%2Fv2%2Ftags&post=252286"}],"curies":[{"name":"wp","href":"https:\/\/api.w.org\/{rel}","templated":true}]}}