{"id":252285,"date":"2015-11-26T13:03:39","date_gmt":"2015-11-26T13:03:39","guid":{"rendered":"http:\/\/diariodominicano.ddns.net\/?p=252285"},"modified":"2015-11-26T13:03:39","modified_gmt":"2015-11-26T13:03:39","slug":"el-papa-francisco-intercambio-con-el-clero-y-seminaristas-de-kenya","status":"publish","type":"post","link":"https:\/\/diariodominicano.com\/?p=252285","title":{"rendered":"El papa Francisco intercambi\u00f3 con el clero y seminaristas de Kenya\t&#13;"},"content":{"rendered":"<p><body><\/p>\n<p><img decoding=\"async\" src=\"img3\/papa_kenya.jpg\" \/>  <\/p>\n<p>Nairobi, 26 nov (PL) El papa Francisco contin\u00faa las actividades del segundo d\u00eda de visita a \u00c1frica y se reuni\u00f3 hoy con el clero, religiosos y seminaristas en la escuela St. Mary\u00bbs de esta captal.<\/p>\n<\/p>\n<p>Ese encuentro se produjo despu\u00e9s del mediod\u00eda hora local, tras la homil\u00eda que pronunci\u00f3 esta ma\u00f1ana en el campus de la Universidad de Nairobi, ante m\u00e1s de un cuarto de mill\u00f3n de personas y bajo la lluvia.<\/p>\n<\/p>\n<p>Durante el serm\u00f3n el papa Francisco exhort\u00f3 a los kenianos a la tolerancia y atenci\u00f3n a los pobres y con sus palabras trascendi\u00f3 l\u00edneas de fracturas religiosas, y habl\u00f3 acerca de los palestinos, los d\u00e9biles y los oprimidos, defendiendo de esa manera la justicia social.<\/p>\n<\/p>\n<p>Tambi\u00e9n exhort\u00f3 a respaldar a las familias y recibir con benepl\u00e1cito a los ni\u00f1os como una bendici\u00f3n y pidi\u00f3 a los kenianos que resistan las pr\u00e1cticas que fomentan la arrogancia en los hombres, lastiman o degradan a las mujeres y amenazan la vida de los inocentes no nacidos.<\/p>\n<\/p>\n<p>El Santo Padre se reuni\u00f3n igualmente este jueves con otros l\u00edderes religiosos locales para promover el di\u00e1logo interreligioso y ecum\u00e9nico como parte del mensaje de cohesi\u00f3n y unidad que predicar\u00e1 a lo largo de su viaje por \u00c1frica, que se extender\u00e1 hasta el lunes pr\u00f3ximo y comprender\u00e1 tambi\u00e9n Uganda y la Rep\u00fablica Centroafricana.<\/p>\n<\/p>\n<p>Francisco realiza su onceno recorrido internacional y primero a este continente desde su pontificado.<\/p>\n<\/p>\n<p>El Obispo de Roma, permanecer\u00e1 hasta ma\u00f1ana en esta capital y luego viajar\u00e1 a Uganda y la Rep\u00fablica Centroafricana, donde finalizar\u00e1 su reci\u00e9n iniciada gira africana.<\/p>\n<\/p>\n<p>Este periplo apost\u00f3lico se desarrolla en un contexto africano donde la violencia y el terrorismo son alimentados por la pobreza y la desesperaci\u00f3n, pero tambi\u00e9n por el adoctrinamiento extremista, opinan medios de prensa.<\/p>\n<\/p>\n<p>En ese contexto, el peregrinaje es mucho m\u00e1s significativo, porque el Sumo Pont\u00edfice recorre las principales calles y avenidas capitalinas en un veh\u00edculo descubierto, sin blindaje, record\u00f3 el sitio digital Vatican Insider.<\/p>\n<h6> 2015-11-26 13:03:39 <\/h6>\n<p><!--\n<link rel=\"stylesheet\" href=\"css\/bootstrap.min.css\">\n\n\n<ul class=\"pagination\">\n\t    \n\t\n\n<li >\n\t<a href='?page_no=21929'>Previous<\/a>\n\t<\/li>\n\n\n       \n    \n\n<li><a href='?page_no=1'>1<\/a><\/li>\n\n\n\n<li><a href='?page_no=2'>2<\/a><\/li>\n\n\n\n<li><a>...<\/a><\/li>\n\n\n\n<li><a href='?page_no=21928'>21928<\/a><\/li>\n\n\n\n<li><a href='?page_no=21929'>21929<\/a><\/li>\n\n\n\n<li class='active'><a>21930<\/a><\/li>\n\n\n\n<li><a href='?page_no=21931'>21931<\/a><\/li>\n\n\n\n<li><a href='?page_no=21932'>21932<\/a><\/li>\n\n\n\n<li><a>...<\/a><\/li>\n\n\n\n<li><a href='?page_no=51012'>51012<\/a><\/li>\n\n\n\n<li><a href='?page_no=51013'>51013<\/a><\/li>\n\n    \n\t\n\n<li >\n\t<a href='?page_no=21931'>Next<\/a>\n\t<\/li>\n\n\n    \n\n<li><a href='?page_no=51013'>Last &rsaquo;&rsaquo;<\/a><\/li>\n\n<\/ul>\n\n\n--><br \/>\n<\/body><\/p>\n","protected":false},"excerpt":{"rendered":"<p>Nairobi, 26 nov (PL) El papa Francisco contin\u00faa las actividades del segundo d\u00eda de visita a \u00c1frica y se reuni\u00f3 hoy con el clero, religiosos y seminaristas en la escuela St. Mary\u00bbs de esta captal. Ese encuentro se produjo despu\u00e9s del mediod\u00eda hora local, tras la homil\u00eda que pronunci\u00f3 esta ma\u00f1ana en el campus de [&hellip;]<\/p>\n","protected":false},"author":3,"featured_media":0,"comment_status":"open","ping_status":"open","sticky":false,"template":"","format":"standard","meta":{"footnotes":""},"categories":[23],"tags":[],"class_list":["post-252285","post","type-post","status-publish","format-standard","hentry","category-internacional"],"_links":{"self":[{"href":"https:\/\/diariodominicano.com\/index.php?rest_route=\/wp\/v2\/posts\/252285","targetHints":{"allow":["GET"]}}],"collection":[{"href":"https:\/\/diariodominicano.com\/index.php?rest_route=\/wp\/v2\/posts"}],"about":[{"href":"https:\/\/diariodominicano.com\/index.php?rest_route=\/wp\/v2\/types\/post"}],"author":[{"embeddable":true,"href":"https:\/\/diariodominicano.com\/index.php?rest_route=\/wp\/v2\/users\/3"}],"replies":[{"embeddable":true,"href":"https:\/\/diariodominicano.com\/index.php?rest_route=%2Fwp%2Fv2%2Fcomments&post=252285"}],"version-history":[{"count":0,"href":"https:\/\/diariodominicano.com\/index.php?rest_route=\/wp\/v2\/posts\/252285\/revisions"}],"wp:attachment":[{"href":"https:\/\/diariodominicano.com\/index.php?rest_route=%2Fwp%2Fv2%2Fmedia&parent=252285"}],"wp:term":[{"taxonomy":"category","embeddable":true,"href":"https:\/\/diariodominicano.com\/index.php?rest_route=%2Fwp%2Fv2%2Fcategories&post=252285"},{"taxonomy":"post_tag","embeddable":true,"href":"https:\/\/diariodominicano.com\/index.php?rest_route=%2Fwp%2Fv2%2Ftags&post=252285"}],"curies":[{"name":"wp","href":"https:\/\/api.w.org\/{rel}","templated":true}]}}