{"id":252283,"date":"2015-11-26T13:18:01","date_gmt":"2015-11-26T13:18:01","guid":{"rendered":"http:\/\/diariodominicano.ddns.net\/?p=252283"},"modified":"2015-11-26T13:18:01","modified_gmt":"2015-11-26T13:18:01","slug":"unasur-condena-violencia-en-campana-de-legislativas-venezolanas","status":"publish","type":"post","link":"https:\/\/diariodominicano.com\/?p=252283","title":{"rendered":"Unasur condena violencia en campa\u00f1a de legislativas venezolanas"},"content":{"rendered":"<p><body><\/p>\n<p><img decoding=\"async\" src=\"img3\/unsasur.jpg\" \/>  <\/p>\n<p><span class=\"text1noticias\">\t<\/span><\/p>\n<p><span class=\"text1noticias\">  <\/span><\/p>\n<p><span class=\"text1noticias\">Caracas, 26 nov (PL) La misi\u00f3n de acompa\u00f1amiento electoral de la Uni\u00f3n de Naciones Suramericanas (Unasur) instalada en Venezuela conden\u00f3 actos de violencia ocurridos durante la campa\u00f1a de los comicios legislativos de este pa\u00eds, se\u00f1ala hoy la televisi\u00f3n local. <\/span><\/p>\n<\/p>\n<p><span class=\"text1noticias\">El equipo designado por el bloque regional repudi\u00f3 los hechos registrados anoche en el estado de Gu\u00e1rico (centro) que causaron la muerte del secretario general del partido opositor Acci\u00f3n Democr\u00e1tica (AD) en esa entidad, Luis Manuel D\u00edaz.<\/span><\/p>\n<\/p>\n<p><span class=\"text1noticias\">Mediante un comunicado, la misi\u00f3n de Unasur llam\u00f3 a los sectores pol\u00edticos del pa\u00eds a contribuir con la consolidaci\u00f3n de un clima de paz durante las elecciones parlamentarias (fijadas para el 6 de diciembre).<\/span><\/p>\n<\/p>\n<p><span class=\"text1noticias\">Tambi\u00e9n solicit\u00f3 a las autoridades nacionales competentes la realizaci\u00f3n de investigaciones exhaustivas para evitar la impunidad frente a ese suceso.<\/span><\/p>\n<\/p>\n<p><span class=\"text1noticias\">Por su parte, Henry Ramos Allup, l\u00edder de AD y candidato a la reelecci\u00f3n, acus\u00f3 desde su cuenta en Twitter al Partido Socialista Unido de Venezuela (PSUV) por la muerte de D\u00edaz.<\/span><\/p>\n<\/p>\n<p><span class=\"text1noticias\">Seg\u00fan el presidente de la Asamblea Nacional y segunda figura del PSUV, Diosdado Cabello, se\u00f1alamientos como ese forman parte de una campa\u00f1a de la oposici\u00f3n lanzada para presentarse a s\u00ed misma como v\u00edctima de altercados y culpar a las fuerzas de izquierda.<\/span><\/p>\n<\/p>\n<p><span class=\"text1noticias\">El parlamentario socialista apunt\u00f3 en varias oportunidades que la derecha venezolana es un sector pol\u00edtico propenso a la violencia y al uso de las v\u00edas anticonstitucionales cuando no puede vencer mediante el voto.<\/span><\/p>\n<\/p>\n<p><span class=\"text1noticias\">Cabello puso como ejemplos las manifestaciones violentas alentadas por la oposici\u00f3n en 2013 tras perder en elecciones presidenciales anticipadas y otras similares realizadas el a\u00f1o pasado con el objetivo de terminar con el gobierno del mandatario Nicol\u00e1s Maduro.<\/span><\/p>\n<\/p>\n<p><span class=\"text1noticias\">Esas acciones costaron la vida de m\u00e1s de 50 personas, precis\u00f3 el diputado.<\/span><\/p>\n<\/p>\n<h6> 2015-11-26 13:18:01 <\/h6>\n<p><!--\n<link rel=\"stylesheet\" href=\"css\/bootstrap.min.css\">\n\n\n<ul class=\"pagination\">\n\t    \n\t\n\n<li >\n\t<a href='?page_no=21927'>Previous<\/a>\n\t<\/li>\n\n\n       \n    \n\n<li><a href='?page_no=1'>1<\/a><\/li>\n\n\n\n<li><a href='?page_no=2'>2<\/a><\/li>\n\n\n\n<li><a>...<\/a><\/li>\n\n\n\n<li><a href='?page_no=21926'>21926<\/a><\/li>\n\n\n\n<li><a href='?page_no=21927'>21927<\/a><\/li>\n\n\n\n<li class='active'><a>21928<\/a><\/li>\n\n\n\n<li><a href='?page_no=21929'>21929<\/a><\/li>\n\n\n\n<li><a href='?page_no=21930'>21930<\/a><\/li>\n\n\n\n<li><a>...<\/a><\/li>\n\n\n\n<li><a href='?page_no=51012'>51012<\/a><\/li>\n\n\n\n<li><a href='?page_no=51013'>51013<\/a><\/li>\n\n    \n\t\n\n<li >\n\t<a href='?page_no=21929'>Next<\/a>\n\t<\/li>\n\n\n    \n\n<li><a href='?page_no=51013'>Last &rsaquo;&rsaquo;<\/a><\/li>\n\n<\/ul>\n\n\n--><br \/>\n<\/body><\/p>\n","protected":false},"excerpt":{"rendered":"<p>Caracas, 26 nov (PL) La misi\u00f3n de acompa\u00f1amiento electoral de la Uni\u00f3n de Naciones Suramericanas (Unasur) instalada en Venezuela conden\u00f3 actos de violencia ocurridos durante la campa\u00f1a de los comicios legislativos de este pa\u00eds, se\u00f1ala hoy la televisi\u00f3n local. El equipo designado por el bloque regional repudi\u00f3 los hechos registrados anoche en el estado de [&hellip;]<\/p>\n","protected":false},"author":3,"featured_media":0,"comment_status":"open","ping_status":"open","sticky":false,"template":"","format":"standard","meta":{"footnotes":""},"categories":[23],"tags":[],"class_list":["post-252283","post","type-post","status-publish","format-standard","hentry","category-internacional"],"_links":{"self":[{"href":"https:\/\/diariodominicano.com\/index.php?rest_route=\/wp\/v2\/posts\/252283","targetHints":{"allow":["GET"]}}],"collection":[{"href":"https:\/\/diariodominicano.com\/index.php?rest_route=\/wp\/v2\/posts"}],"about":[{"href":"https:\/\/diariodominicano.com\/index.php?rest_route=\/wp\/v2\/types\/post"}],"author":[{"embeddable":true,"href":"https:\/\/diariodominicano.com\/index.php?rest_route=\/wp\/v2\/users\/3"}],"replies":[{"embeddable":true,"href":"https:\/\/diariodominicano.com\/index.php?rest_route=%2Fwp%2Fv2%2Fcomments&post=252283"}],"version-history":[{"count":0,"href":"https:\/\/diariodominicano.com\/index.php?rest_route=\/wp\/v2\/posts\/252283\/revisions"}],"wp:attachment":[{"href":"https:\/\/diariodominicano.com\/index.php?rest_route=%2Fwp%2Fv2%2Fmedia&parent=252283"}],"wp:term":[{"taxonomy":"category","embeddable":true,"href":"https:\/\/diariodominicano.com\/index.php?rest_route=%2Fwp%2Fv2%2Fcategories&post=252283"},{"taxonomy":"post_tag","embeddable":true,"href":"https:\/\/diariodominicano.com\/index.php?rest_route=%2Fwp%2Fv2%2Ftags&post=252283"}],"curies":[{"name":"wp","href":"https:\/\/api.w.org\/{rel}","templated":true}]}}