{"id":252277,"date":"2015-11-27T00:43:00","date_gmt":"2015-11-27T00:43:00","guid":{"rendered":"http:\/\/diariodominicano.ddns.net\/?p=252277"},"modified":"2015-11-27T00:43:00","modified_gmt":"2015-11-27T00:43:00","slug":"reportan-alerta-por-sobres-con-posible-antrax-en-mezquita-de-bruselas","status":"publish","type":"post","link":"https:\/\/diariodominicano.com\/?p=252277","title":{"rendered":"Reportan alerta por sobres con posible \u00e1ntrax en mezquita de Bruselas"},"content":{"rendered":"<p><body><\/p>\n<p><img decoding=\"async\" src=\"img3\/134859269_14485914658211n.jpg\" \/><br \/><img decoding=\"async\" src=\"img3\/134859269_14485914658921n.jpg\" \/><br \/><img decoding=\"async\" src=\"img3\/134859269_14485914659461n.jpg\" \/>  <\/p>\n<p><strong>BRUSELAS, 26 nov (Xinhua) &#8212; <\/strong>Varios sobres que conten\u00edan polvo blanco, al parecer \u00e1ntrax, se recibieron hoy a la Gran Mezquita de Bruselas, localizada en el Parque Cincuentenario.<\/p>\n<\/p>\n<p>Bomberos y ambulancias acudieron al sitio y establecieron un per\u00edmetro de seguridad cerca de la mezquita, inform\u00f3 el canal de televisi\u00f3n RTBF.<\/p>\n<\/p>\n<p>Por el momento, a\u00fan no se ha determinado la naturaleza del polvo, pero el laboratorio de protecci\u00f3n civil acudi\u00f3 al lugar para analizarlo con un dispositivo de detecci\u00f3n de \u00e1ntrax.<\/p>\n<\/p>\n<p>Un portavoz de la brigada de bomberos de Bruselas dijo que dos polic\u00edas y otras personas que estaban dentro de la mezquita est\u00e1n siendo descontaminadas.<\/p>\n<h6> 2015-11-27 00:43:00 <\/h6>\n<p><!--\n<link rel=\"stylesheet\" href=\"css\/bootstrap.min.css\">\n\n\n<ul class=\"pagination\">\n\t    \n\t\n\n<li >\n\t<a href='?page_no=21921'>Previous<\/a>\n\t<\/li>\n\n\n       \n    \n\n<li><a href='?page_no=1'>1<\/a><\/li>\n\n\n\n<li><a href='?page_no=2'>2<\/a><\/li>\n\n\n\n<li><a>...<\/a><\/li>\n\n\n\n<li><a href='?page_no=21920'>21920<\/a><\/li>\n\n\n\n<li><a href='?page_no=21921'>21921<\/a><\/li>\n\n\n\n<li class='active'><a>21922<\/a><\/li>\n\n\n\n<li><a href='?page_no=21923'>21923<\/a><\/li>\n\n\n\n<li><a href='?page_no=21924'>21924<\/a><\/li>\n\n\n\n<li><a>...<\/a><\/li>\n\n\n\n<li><a href='?page_no=51012'>51012<\/a><\/li>\n\n\n\n<li><a href='?page_no=51013'>51013<\/a><\/li>\n\n    \n\t\n\n<li >\n\t<a href='?page_no=21923'>Next<\/a>\n\t<\/li>\n\n\n    \n\n<li><a href='?page_no=51013'>Last &rsaquo;&rsaquo;<\/a><\/li>\n\n<\/ul>\n\n\n--><br \/>\n<\/body><\/p>\n","protected":false},"excerpt":{"rendered":"<p>BRUSELAS, 26 nov (Xinhua) &#8212; Varios sobres que conten\u00edan polvo blanco, al parecer \u00e1ntrax, se recibieron hoy a la Gran Mezquita de Bruselas, localizada en el Parque Cincuentenario. Bomberos y ambulancias acudieron al sitio y establecieron un per\u00edmetro de seguridad cerca de la mezquita, inform\u00f3 el canal de televisi\u00f3n RTBF. Por el momento, a\u00fan no [&hellip;]<\/p>\n","protected":false},"author":3,"featured_media":0,"comment_status":"open","ping_status":"open","sticky":false,"template":"","format":"standard","meta":{"footnotes":""},"categories":[23],"tags":[],"class_list":["post-252277","post","type-post","status-publish","format-standard","hentry","category-internacional"],"_links":{"self":[{"href":"https:\/\/diariodominicano.com\/index.php?rest_route=\/wp\/v2\/posts\/252277","targetHints":{"allow":["GET"]}}],"collection":[{"href":"https:\/\/diariodominicano.com\/index.php?rest_route=\/wp\/v2\/posts"}],"about":[{"href":"https:\/\/diariodominicano.com\/index.php?rest_route=\/wp\/v2\/types\/post"}],"author":[{"embeddable":true,"href":"https:\/\/diariodominicano.com\/index.php?rest_route=\/wp\/v2\/users\/3"}],"replies":[{"embeddable":true,"href":"https:\/\/diariodominicano.com\/index.php?rest_route=%2Fwp%2Fv2%2Fcomments&post=252277"}],"version-history":[{"count":0,"href":"https:\/\/diariodominicano.com\/index.php?rest_route=\/wp\/v2\/posts\/252277\/revisions"}],"wp:attachment":[{"href":"https:\/\/diariodominicano.com\/index.php?rest_route=%2Fwp%2Fv2%2Fmedia&parent=252277"}],"wp:term":[{"taxonomy":"category","embeddable":true,"href":"https:\/\/diariodominicano.com\/index.php?rest_route=%2Fwp%2Fv2%2Fcategories&post=252277"},{"taxonomy":"post_tag","embeddable":true,"href":"https:\/\/diariodominicano.com\/index.php?rest_route=%2Fwp%2Fv2%2Ftags&post=252277"}],"curies":[{"name":"wp","href":"https:\/\/api.w.org\/{rel}","templated":true}]}}