{"id":252275,"date":"2015-11-27T12:30:18","date_gmt":"2015-11-27T12:30:18","guid":{"rendered":"http:\/\/diariodominicano.ddns.net\/?p=252275"},"modified":"2015-11-27T12:30:18","modified_gmt":"2015-11-27T12:30:18","slug":"el-papa-francisco-critico-la-corrupcion-en-africa","status":"publish","type":"post","link":"https:\/\/diariodominicano.com\/?p=252275","title":{"rendered":"&#13;El papa Francisco critic\u00f3 la corrupci\u00f3n en \u00c1frica"},"content":{"rendered":"<p><body><\/p>\n<p><img decoding=\"async\" src=\"img3\/papa-francisco-kenya.jpg\" \/>  <\/p>\n<p><span class=\"text1noticias\">  <\/span><\/p>\n<p><span class=\"text1noticias\">Nairobi, 27 nov (PL) El papa Francisco critic\u00f3 la corrupci\u00f3n existente en pa\u00edses de \u00c1frica durante un discurso pronunciado hoy en el estadio capitalino de Kasarani y opin\u00f3 que ese mal es un camino que conduce a la muerte. <\/span><\/p>\n<\/p>\n<p><span class=\"text1noticias\">El l\u00edder religioso tambi\u00e9n inst\u00f3 a la juventud keniana a resistir con todas sus fuerzas los males del tribalismo y de la descomposici\u00f3n social.<\/span><\/p>\n<\/p>\n<p><span class=\"text1noticias\">Ayer el papa Francisco pidi\u00f3 en la sede keniana de la ONU poner la econom\u00eda y la pol\u00edtica al servicio de los pueblos, donde el ser humano, en armon\u00eda con la naturaleza, estructura todo el sistema de producci\u00f3n y distribuci\u00f3n.<\/span><\/p>\n<\/p>\n<p><span class=\"text1noticias\">En esa oportunidad fue recibido por la encargada de ese organismo en Kenya, Sahle-Work Zewde.<\/span><\/p>\n<\/p>\n<p><span class=\"text1noticias\">Opin\u00f3 que ser\u00eda triste y hasta catastr\u00f3fico, que los intereses particulares prevalezcan sobre el bien com\u00fan, en alusi\u00f3n a un posible fracaso en lograr acuerdos durante la pr\u00f3xima XXI Conferencia de la ONU sobre Cambio Clim\u00e1tico, de Par\u00eds.<\/span><\/p>\n<\/p>\n<p><span class=\"text1noticias\">De esa manera el l\u00edder religioso ofreci\u00f3 su opini\u00f3n previo a la pr\u00f3xima inauguraci\u00f3n de la aludida reuni\u00f3n Cumbre en la que participar\u00e1n unos 150 Jefes de Estado y de Gobierno.<\/span><\/p>\n<\/p>\n<p><span class=\"text1noticias\">En ese sentido Francisco exigi\u00f3 a los mandatarios un acuerdo global para atenuar el impacto del cambio clim\u00e1tico y contribuir a la lucha contra la pobreza y el respeto de la dignidad humana en el mundo.<\/span><\/p>\n<\/p>\n<p><span class=\"text1noticias\">Francisco tambi\u00e9n hizo otras referencia a la Carta Enc\u00edclica \u00abLaudato si\u00bb sobre el cuidado del planeta Tierra dada a conocer a fines del pasado mes de mayo.<\/span><\/p>\n<\/p>\n<p><span class=\"text1noticias\">Ayer el Santo Padre se reuni\u00f3 igualmente con otros l\u00edderes religiosos locales para promover el di\u00e1logo interreligioso y ecum\u00e9nico como parte del mensaje de cohesi\u00f3n y unidad que predica en su viaje por \u00c1frica, que concluir\u00e1 el lunes venidero.<\/span><\/p>\n<\/p>\n<p><span class=\"text1noticias\">Uganda recibir\u00e1 hoy al Obispo de Roma y el fin de semana lo har\u00e1 la Rep\u00fablica Centroafricana, donde finalizar\u00e1 su gira africana.<\/span><\/p>\n<\/p>\n<p><span class=\"text1noticias\">Este periplo apost\u00f3lico se desarrolla en un contexto africano donde la violencia y el terrorismo son alimentados por la pobreza y la desesperaci\u00f3n, pero tambi\u00e9n por el adoctrinamiento extremista, opinan medios de prensa.<\/span><\/p>\n<\/p>\n<p><span class=\"text1noticias\">En ese contexto, el peregrinaje es mucho m\u00e1s significativo, porque el Papa recorre las principales calles y avenidas capitalinas en un veh\u00edculo descubierto, sin blindaje, record\u00f3 el sitio digital Vatican Insider.<\/span><\/p>\n<\/p>\n<p><span class=\"text1noticias\">El papa Francisco realiza su onceno recorrido internacional y primero a este continente desde su pontificado.<\/span><\/p>\n<\/p>\n<h6> 2015-11-27 12:30:18 <\/h6>\n<p><!--\n<link rel=\"stylesheet\" href=\"css\/bootstrap.min.css\">\n\n\n<ul class=\"pagination\">\n\t    \n\t\n\n<li >\n\t<a href='?page_no=21919'>Previous<\/a>\n\t<\/li>\n\n\n       \n    \n\n<li><a href='?page_no=1'>1<\/a><\/li>\n\n\n\n<li><a href='?page_no=2'>2<\/a><\/li>\n\n\n\n<li><a>...<\/a><\/li>\n\n\n\n<li><a href='?page_no=21918'>21918<\/a><\/li>\n\n\n\n<li><a href='?page_no=21919'>21919<\/a><\/li>\n\n\n\n<li class='active'><a>21920<\/a><\/li>\n\n\n\n<li><a href='?page_no=21921'>21921<\/a><\/li>\n\n\n\n<li><a href='?page_no=21922'>21922<\/a><\/li>\n\n\n\n<li><a>...<\/a><\/li>\n\n\n\n<li><a href='?page_no=51012'>51012<\/a><\/li>\n\n\n\n<li><a href='?page_no=51013'>51013<\/a><\/li>\n\n    \n\t\n\n<li >\n\t<a href='?page_no=21921'>Next<\/a>\n\t<\/li>\n\n\n    \n\n<li><a href='?page_no=51013'>Last &rsaquo;&rsaquo;<\/a><\/li>\n\n<\/ul>\n\n\n--><br \/>\n<\/body><\/p>\n","protected":false},"excerpt":{"rendered":"<p>Nairobi, 27 nov (PL) El papa Francisco critic\u00f3 la corrupci\u00f3n existente en pa\u00edses de \u00c1frica durante un discurso pronunciado hoy en el estadio capitalino de Kasarani y opin\u00f3 que ese mal es un camino que conduce a la muerte. El l\u00edder religioso tambi\u00e9n inst\u00f3 a la juventud keniana a resistir con todas sus fuerzas los [&hellip;]<\/p>\n","protected":false},"author":3,"featured_media":0,"comment_status":"open","ping_status":"open","sticky":false,"template":"","format":"standard","meta":{"footnotes":""},"categories":[23],"tags":[],"class_list":["post-252275","post","type-post","status-publish","format-standard","hentry","category-internacional"],"_links":{"self":[{"href":"https:\/\/diariodominicano.com\/index.php?rest_route=\/wp\/v2\/posts\/252275","targetHints":{"allow":["GET"]}}],"collection":[{"href":"https:\/\/diariodominicano.com\/index.php?rest_route=\/wp\/v2\/posts"}],"about":[{"href":"https:\/\/diariodominicano.com\/index.php?rest_route=\/wp\/v2\/types\/post"}],"author":[{"embeddable":true,"href":"https:\/\/diariodominicano.com\/index.php?rest_route=\/wp\/v2\/users\/3"}],"replies":[{"embeddable":true,"href":"https:\/\/diariodominicano.com\/index.php?rest_route=%2Fwp%2Fv2%2Fcomments&post=252275"}],"version-history":[{"count":0,"href":"https:\/\/diariodominicano.com\/index.php?rest_route=\/wp\/v2\/posts\/252275\/revisions"}],"wp:attachment":[{"href":"https:\/\/diariodominicano.com\/index.php?rest_route=%2Fwp%2Fv2%2Fmedia&parent=252275"}],"wp:term":[{"taxonomy":"category","embeddable":true,"href":"https:\/\/diariodominicano.com\/index.php?rest_route=%2Fwp%2Fv2%2Fcategories&post=252275"},{"taxonomy":"post_tag","embeddable":true,"href":"https:\/\/diariodominicano.com\/index.php?rest_route=%2Fwp%2Fv2%2Ftags&post=252275"}],"curies":[{"name":"wp","href":"https:\/\/api.w.org\/{rel}","templated":true}]}}