{"id":252274,"date":"2015-11-27T12:48:25","date_gmt":"2015-11-27T12:48:25","guid":{"rendered":"http:\/\/diariodominicano.ddns.net\/?p=252274"},"modified":"2015-11-27T12:48:25","modified_gmt":"2015-11-27T12:48:25","slug":"turquia-busca-reducir-tensiones-con-rusia-tras-derribo-de-bombardero","status":"publish","type":"post","link":"https:\/\/diariodominicano.com\/?p=252274","title":{"rendered":"Turqu\u00eda busca reducir tensiones con Rusia tras derribo de bombardero\t&#13;"},"content":{"rendered":"<p><body><\/p>\n<p><img decoding=\"async\" src=\"img3\/primerministroturco.jpg\" \/>  <\/p>\n<\/p>\n<p>Davutoglu declar\u00f3 a la prensa brit\u00e1nica, citada en esta capital, que era necesario reducir el diferendo con Mosc\u00fa y calmar las tensiones surgidas por el ataque de cazas F-16 contra un SU-24 en una zona al norte de la regi\u00f3n siria de Latakia.<\/p>\n<\/p>\n<p>Pero el jefe de Gobierno insiste en aplicar medidas de defensa a\u00e9rea en las zonas cercanas a la frontera con el norte de Siria, donde opera el movimiento terrorista Estado Isl\u00e1mico (EI), Al Nusra, vinculado a la red Al Qaeda, y otras formaciones armadas.<\/p>\n<\/p>\n<p>Los llamados de Davutoglu se unen a una exhortaci\u00f3n de Ankara para una reuni\u00f3n entre los presidentes ruso, Vladimir Putin, y turco, Recep Tayyip Erdogan, en el marco de la cumbre sobre cambio clim\u00e1tico de la ONU en Paris, a efectuarse el pr\u00f3ximo lunes.<\/p>\n<\/p>\n<p>Desde Mosc\u00fa, el ministro ruso de Relaciones Exteriores, Serguei Lavrov, consider\u00f3 que Turqu\u00eda rebas\u00f3 los l\u00edmites de lo aceptable y corre el riesgo de llevar a esta naci\u00f3n a una situaci\u00f3n muy grave.<\/p>\n<\/p>\n<p>Rusia anunci\u00f3 medidas econ\u00f3micas contra este pa\u00eds, la suspensi\u00f3n de viajes de turistas y la cooperaci\u00f3n militar con Turqu\u00eda, incluida la ausencia en las maniobras Blackseafor, en el mar Negro, entre otras, y puso en duda la seriedad de Ankara para enfrentar el EI.<\/p>\n<\/p>\n<p>Turqu\u00eda suspendi\u00f3 su participaci\u00f3n en la coalici\u00f3n internacional, dirigida por Estados Unidos, para atacar al citado grupo terrorista, despu\u00e9s del diferendo con Mosc\u00fa por el derribo del bombardero, indic\u00f3 la versi\u00f3n digital del diario Hurriyet Daily News.<\/p>\n<\/p>\n<p>Los agregados militares rusos fueron invitados por sus colegas turcos a conversaciones sobre el incidente del pasado martes, se\u00f1ala el rotativo.<\/p>\n<h6> 2015-11-27 12:48:25 <\/h6>\n<p><!--\n<link rel=\"stylesheet\" href=\"css\/bootstrap.min.css\">\n\n\n<ul class=\"pagination\">\n\t    \n\t\n\n<li >\n\t<a href='?page_no=21918'>Previous<\/a>\n\t<\/li>\n\n\n       \n    \n\n<li><a href='?page_no=1'>1<\/a><\/li>\n\n\n\n<li><a href='?page_no=2'>2<\/a><\/li>\n\n\n\n<li><a>...<\/a><\/li>\n\n\n\n<li><a href='?page_no=21917'>21917<\/a><\/li>\n\n\n\n<li><a href='?page_no=21918'>21918<\/a><\/li>\n\n\n\n<li class='active'><a>21919<\/a><\/li>\n\n\n\n<li><a href='?page_no=21920'>21920<\/a><\/li>\n\n\n\n<li><a href='?page_no=21921'>21921<\/a><\/li>\n\n\n\n<li><a>...<\/a><\/li>\n\n\n\n<li><a href='?page_no=51012'>51012<\/a><\/li>\n\n\n\n<li><a href='?page_no=51013'>51013<\/a><\/li>\n\n    \n\t\n\n<li >\n\t<a href='?page_no=21920'>Next<\/a>\n\t<\/li>\n\n\n    \n\n<li><a href='?page_no=51013'>Last &rsaquo;&rsaquo;<\/a><\/li>\n\n<\/ul>\n\n\n--><br \/>\n<\/body><\/p>\n","protected":false},"excerpt":{"rendered":"<p>Davutoglu declar\u00f3 a la prensa brit\u00e1nica, citada en esta capital, que era necesario reducir el diferendo con Mosc\u00fa y calmar las tensiones surgidas por el ataque de cazas F-16 contra un SU-24 en una zona al norte de la regi\u00f3n siria de Latakia. Pero el jefe de Gobierno insiste en aplicar medidas de defensa a\u00e9rea [&hellip;]<\/p>\n","protected":false},"author":3,"featured_media":0,"comment_status":"open","ping_status":"open","sticky":false,"template":"","format":"standard","meta":{"footnotes":""},"categories":[23],"tags":[],"class_list":["post-252274","post","type-post","status-publish","format-standard","hentry","category-internacional"],"_links":{"self":[{"href":"https:\/\/diariodominicano.com\/index.php?rest_route=\/wp\/v2\/posts\/252274","targetHints":{"allow":["GET"]}}],"collection":[{"href":"https:\/\/diariodominicano.com\/index.php?rest_route=\/wp\/v2\/posts"}],"about":[{"href":"https:\/\/diariodominicano.com\/index.php?rest_route=\/wp\/v2\/types\/post"}],"author":[{"embeddable":true,"href":"https:\/\/diariodominicano.com\/index.php?rest_route=\/wp\/v2\/users\/3"}],"replies":[{"embeddable":true,"href":"https:\/\/diariodominicano.com\/index.php?rest_route=%2Fwp%2Fv2%2Fcomments&post=252274"}],"version-history":[{"count":0,"href":"https:\/\/diariodominicano.com\/index.php?rest_route=\/wp\/v2\/posts\/252274\/revisions"}],"wp:attachment":[{"href":"https:\/\/diariodominicano.com\/index.php?rest_route=%2Fwp%2Fv2%2Fmedia&parent=252274"}],"wp:term":[{"taxonomy":"category","embeddable":true,"href":"https:\/\/diariodominicano.com\/index.php?rest_route=%2Fwp%2Fv2%2Fcategories&post=252274"},{"taxonomy":"post_tag","embeddable":true,"href":"https:\/\/diariodominicano.com\/index.php?rest_route=%2Fwp%2Fv2%2Ftags&post=252274"}],"curies":[{"name":"wp","href":"https:\/\/api.w.org\/{rel}","templated":true}]}}