{"id":252273,"date":"2015-11-27T12:53:07","date_gmt":"2015-11-27T12:53:07","guid":{"rendered":"http:\/\/diariodominicano.ddns.net\/?p=252273"},"modified":"2015-11-27T12:53:07","modified_gmt":"2015-11-27T12:53:07","slug":"francia-preve-fuerzas-del-gobierno-sirio-en-ofensiva-contra-ei","status":"publish","type":"post","link":"https:\/\/diariodominicano.com\/?p=252273","title":{"rendered":"&#13;Francia prev\u00e9 fuerzas del gobierno sirio en ofensiva contra EI"},"content":{"rendered":"<p><body><\/p>\n<p><img decoding=\"async\" src=\"img3\/francia-laurent-fabius.jpg\" \/>  <\/p>\n<\/p>\n<p><span class=\"text1noticias\">  <\/span><\/p>\n<p><span class=\"text1noticias\">Par\u00eds, 27 nov (PL) El canciller franc\u00e9s, Laurent Fabius, consider\u00f3 hoy, por primera vez, la asociaci\u00f3n de las fuerzas del gobierno sirio a una coalici\u00f3n que emprenda una ofensiva terrestre contra el autoproclamado Estado Isl\u00e1mico (EI).<\/span><\/p>\n<\/p>\n<p><span class=\"text1noticias\">Para combatir al EI hay que tomar dos medidas: bombardeos y tropas terrestres, que no pueden ser las nuestras, sino que deben ser las del Ej\u00e9rcito Libre Sirio, las fuerzas \u00e1rabes sunitas, y, por qu\u00e9 no, tambi\u00e9n las fuerzas del gobierno, expres\u00f3 durante una entrevista con la radio RTL.<\/span><\/p>\n<\/p>\n<p><span class=\"text1noticias\">Fabius subray\u00f3 que el principal objetivo militar sigue siendo la ciudad de Raqa, basti\u00f3n de ese grupo extremista. Los aviones militares rusos y franceses bombardearon las posiciones terroristas en la ciudad los \u00faltimos d\u00edas, a\u00f1adi\u00f3.<\/span><\/p>\n<\/p>\n<p><span class=\"text1noticias\">Con el fin de lograr la formaci\u00f3n de una coalici\u00f3n internacional \u00fanica contra la mencionada organizaci\u00f3n, el presidente franc\u00e9s, Fran\u00e7ois Hollande, cumpli\u00f3 esta semana una intensa agenda diplom\u00e1tica.<\/span><\/p>\n<\/p>\n<p><span class=\"text1noticias\">Hollande subray\u00f3 que su pa\u00eds intensificar\u00e1 los ataques contra la agrupaci\u00f3n extremista y bombardear\u00e1 sus objetivos sensibles en Siria.<\/span><\/p>\n<\/p>\n<p><span class=\"text1noticias\">Vamos a intensificar nuestros bombardeos, elegir objetivos que har\u00e1n el mayor da\u00f1o posible a este ej\u00e9rcito de terroristas, afirm\u00f3 durante una declaraci\u00f3n a medios de prensa.<\/span><\/p>\n<\/p>\n<p><span class=\"text1noticias\">El portaaviones Charles de Gaulle, un buque de propulsi\u00f3n nuclear y \u00fanico nav\u00edo de su tipo en Francia, lleg\u00f3 el fin de semana \u00faltimo al Mediterr\u00e1neo oriental donde participa en las operaciones contra el EI en Siria e Iraq.<\/span><\/p>\n<\/p>\n<p><span class=\"text1noticias\">La Asamblea Nacional francesa vot\u00f3 el 25 de noviembre a favor de prolongar los bombardeos a\u00e9reos galos en Siria, los cuales comenzaron a fines de septiembre pasado sin el consentimiento de Damasco.<\/span><\/p>\n<\/p>\n<p><span class=\"text1noticias\">El presidente Bashar al-Assad, cuya legitimidad Par\u00eds insiste en desconocer, se\u00f1al\u00f3 en una entrevista reciente la falta de seriedad de la pol\u00edtica del gobierno galo por combatir y apoyar el terrorismo al mismo tiempo.<\/span><\/p>\n<h6> 2015-11-27 12:53:07 <\/h6>\n<p><!--\n<link rel=\"stylesheet\" href=\"css\/bootstrap.min.css\">\n\n\n<ul class=\"pagination\">\n\t    \n\t\n\n<li >\n\t<a href='?page_no=21917'>Previous<\/a>\n\t<\/li>\n\n\n       \n    \n\n<li><a href='?page_no=1'>1<\/a><\/li>\n\n\n\n<li><a href='?page_no=2'>2<\/a><\/li>\n\n\n\n<li><a>...<\/a><\/li>\n\n\n\n<li><a href='?page_no=21916'>21916<\/a><\/li>\n\n\n\n<li><a href='?page_no=21917'>21917<\/a><\/li>\n\n\n\n<li class='active'><a>21918<\/a><\/li>\n\n\n\n<li><a href='?page_no=21919'>21919<\/a><\/li>\n\n\n\n<li><a href='?page_no=21920'>21920<\/a><\/li>\n\n\n\n<li><a>...<\/a><\/li>\n\n\n\n<li><a href='?page_no=51012'>51012<\/a><\/li>\n\n\n\n<li><a href='?page_no=51013'>51013<\/a><\/li>\n\n    \n\t\n\n<li >\n\t<a href='?page_no=21919'>Next<\/a>\n\t<\/li>\n\n\n    \n\n<li><a href='?page_no=51013'>Last &rsaquo;&rsaquo;<\/a><\/li>\n\n<\/ul>\n\n\n--><br \/>\n<\/body><\/p>\n","protected":false},"excerpt":{"rendered":"<p>Par\u00eds, 27 nov (PL) El canciller franc\u00e9s, Laurent Fabius, consider\u00f3 hoy, por primera vez, la asociaci\u00f3n de las fuerzas del gobierno sirio a una coalici\u00f3n que emprenda una ofensiva terrestre contra el autoproclamado Estado Isl\u00e1mico (EI). Para combatir al EI hay que tomar dos medidas: bombardeos y tropas terrestres, que no pueden ser las nuestras, [&hellip;]<\/p>\n","protected":false},"author":3,"featured_media":0,"comment_status":"open","ping_status":"open","sticky":false,"template":"","format":"standard","meta":{"footnotes":""},"categories":[23],"tags":[],"class_list":["post-252273","post","type-post","status-publish","format-standard","hentry","category-internacional"],"_links":{"self":[{"href":"https:\/\/diariodominicano.com\/index.php?rest_route=\/wp\/v2\/posts\/252273","targetHints":{"allow":["GET"]}}],"collection":[{"href":"https:\/\/diariodominicano.com\/index.php?rest_route=\/wp\/v2\/posts"}],"about":[{"href":"https:\/\/diariodominicano.com\/index.php?rest_route=\/wp\/v2\/types\/post"}],"author":[{"embeddable":true,"href":"https:\/\/diariodominicano.com\/index.php?rest_route=\/wp\/v2\/users\/3"}],"replies":[{"embeddable":true,"href":"https:\/\/diariodominicano.com\/index.php?rest_route=%2Fwp%2Fv2%2Fcomments&post=252273"}],"version-history":[{"count":0,"href":"https:\/\/diariodominicano.com\/index.php?rest_route=\/wp\/v2\/posts\/252273\/revisions"}],"wp:attachment":[{"href":"https:\/\/diariodominicano.com\/index.php?rest_route=%2Fwp%2Fv2%2Fmedia&parent=252273"}],"wp:term":[{"taxonomy":"category","embeddable":true,"href":"https:\/\/diariodominicano.com\/index.php?rest_route=%2Fwp%2Fv2%2Fcategories&post=252273"},{"taxonomy":"post_tag","embeddable":true,"href":"https:\/\/diariodominicano.com\/index.php?rest_route=%2Fwp%2Fv2%2Ftags&post=252273"}],"curies":[{"name":"wp","href":"https:\/\/api.w.org\/{rel}","templated":true}]}}