{"id":252272,"date":"2015-11-27T13:02:27","date_gmt":"2015-11-27T13:02:27","guid":{"rendered":"http:\/\/diariodominicano.ddns.net\/?p=252272"},"modified":"2015-11-27T13:02:27","modified_gmt":"2015-11-27T13:02:27","slug":"farc-ep-insta-a-estado-colombiano-a-redefinir-politicas-de-seguridad","status":"publish","type":"post","link":"https:\/\/diariodominicano.com\/?p=252272","title":{"rendered":"FARC-EP insta a Estado colombiano a redefinir pol\u00edticas de seguridad\t&#13;"},"content":{"rendered":"<p><body><\/p>\n<p><img decoding=\"async\" src=\"img3\/pazcolom.jpg\" \/>  <\/p>\n<p><span class=\"text1noticias\">La Habana, 27 nov (PL) Las insurgentes FARC-EP instaron hoy al Estado colombiano a una redefinici\u00f3n de su pol\u00edtica de seguridad, que incluya el concepto de seguridad humana integral y el desmonte de las estructuras del paramilitarismo.<\/span><\/p>\n<\/p>\n<p><span class=\"text1noticias\">En el contexto de los di\u00e1logos de paz que mantienen aqu\u00ed desde 2012 con el gobierno del presidente Juan Manuel Santos, las Fuerzas Armadas Revolucionarias de Colombia-Ej\u00e9rcito del Pueblo (FARC-EP) abogaron por una pol\u00edtica de seguridad del Estado para la no repetici\u00f3n, la reconciliaci\u00f3n nacional y la construcci\u00f3n de paz estable y duradera.<\/span><\/p>\n<\/p>\n<p><span class=\"text1noticias\">En un comunicado, el grupo rebelde manifest\u00f3 que la normalizaci\u00f3n integral de la vida nacional y la transformaci\u00f3n de las FARC-EP en organizaci\u00f3n legal tendr\u00e1 como condici\u00f3n un proceso de redefinici\u00f3n concertada de la pol\u00edtica de seguridad del Estado orientada a privilegiar y establecer un concepto de seguridad humana integral.<\/span><\/p>\n<\/p>\n<p><span class=\"text1noticias\">Todo ello con el fin de que dicha concepci\u00f3n ofrezca \u00abprotecci\u00f3n y garant\u00edas a la poblaci\u00f3n en el ejercicio de sus derechos civiles y pol\u00edticos, as\u00ed como en el reconocimiento y materializaci\u00f3n de los derechos econ\u00f3micos, sociales, culturales y ambientales\u00bb.<\/span><\/p>\n<\/p>\n<p><span class=\"text1noticias\">Asimismo, las FARC-EP demandaron el reconocimiento por parte del Estado de la existencia y persistencia de estructuras criminales de contrainsurgencia, (especialmente las paramilitares) y, en ese sentido, exigieron medidas excepcionales y extraordinarias para el desmonte de tales estructuras.<\/span><\/p>\n<\/p>\n<p><span class=\"text1noticias\">La perspectiva de un Acuerdo final y la transformaci\u00f3n integral de las FARC-EP tienen como condici\u00f3n necesaria e indispensable a la vez el desmonte de las estructuras criminales de contrainsurgencia, especialmente de car\u00e1cter paramilitar y\/o narcotraficante y mafioso, afirm\u00f3 la mayor guerrilla colombiana.<\/span><\/p>\n<\/p>\n<p><span class=\"text1noticias\">Todo ello, agreg\u00f3 la insurgencia, entendido como el desmonte de la relaci\u00f3n de poder de facto que ellas representan, y la amenaza en que se constituyen para la implementaci\u00f3n de los acuerdos pactados, la no repetici\u00f3n y la reconciliaci\u00f3n nacional.<\/span><\/p>\n<\/p>\n<p><span class=\"text1noticias\">Seg\u00fan el grupo rebelde, el desmonte corresponder\u00e1 a un proceso concertado con las FARC-EP.<\/span><\/p>\n<h6> 2015-11-27 13:02:27 <\/h6>\n<p><!--\n<link rel=\"stylesheet\" href=\"css\/bootstrap.min.css\">\n\n\n<ul class=\"pagination\">\n\t    \n\t\n\n<li >\n\t<a href='?page_no=21916'>Previous<\/a>\n\t<\/li>\n\n\n       \n    \n\n<li><a href='?page_no=1'>1<\/a><\/li>\n\n\n\n<li><a href='?page_no=2'>2<\/a><\/li>\n\n\n\n<li><a>...<\/a><\/li>\n\n\n\n<li><a href='?page_no=21915'>21915<\/a><\/li>\n\n\n\n<li><a href='?page_no=21916'>21916<\/a><\/li>\n\n\n\n<li class='active'><a>21917<\/a><\/li>\n\n\n\n<li><a href='?page_no=21918'>21918<\/a><\/li>\n\n\n\n<li><a href='?page_no=21919'>21919<\/a><\/li>\n\n\n\n<li><a>...<\/a><\/li>\n\n\n\n<li><a href='?page_no=51012'>51012<\/a><\/li>\n\n\n\n<li><a href='?page_no=51013'>51013<\/a><\/li>\n\n    \n\t\n\n<li >\n\t<a href='?page_no=21918'>Next<\/a>\n\t<\/li>\n\n\n    \n\n<li><a href='?page_no=51013'>Last &rsaquo;&rsaquo;<\/a><\/li>\n\n<\/ul>\n\n\n--><br \/>\n<\/body><\/p>\n","protected":false},"excerpt":{"rendered":"<p>La Habana, 27 nov (PL) Las insurgentes FARC-EP instaron hoy al Estado colombiano a una redefinici\u00f3n de su pol\u00edtica de seguridad, que incluya el concepto de seguridad humana integral y el desmonte de las estructuras del paramilitarismo. En el contexto de los di\u00e1logos de paz que mantienen aqu\u00ed desde 2012 con el gobierno del presidente [&hellip;]<\/p>\n","protected":false},"author":3,"featured_media":0,"comment_status":"open","ping_status":"open","sticky":false,"template":"","format":"standard","meta":{"footnotes":""},"categories":[23],"tags":[],"class_list":["post-252272","post","type-post","status-publish","format-standard","hentry","category-internacional"],"_links":{"self":[{"href":"https:\/\/diariodominicano.com\/index.php?rest_route=\/wp\/v2\/posts\/252272","targetHints":{"allow":["GET"]}}],"collection":[{"href":"https:\/\/diariodominicano.com\/index.php?rest_route=\/wp\/v2\/posts"}],"about":[{"href":"https:\/\/diariodominicano.com\/index.php?rest_route=\/wp\/v2\/types\/post"}],"author":[{"embeddable":true,"href":"https:\/\/diariodominicano.com\/index.php?rest_route=\/wp\/v2\/users\/3"}],"replies":[{"embeddable":true,"href":"https:\/\/diariodominicano.com\/index.php?rest_route=%2Fwp%2Fv2%2Fcomments&post=252272"}],"version-history":[{"count":0,"href":"https:\/\/diariodominicano.com\/index.php?rest_route=\/wp\/v2\/posts\/252272\/revisions"}],"wp:attachment":[{"href":"https:\/\/diariodominicano.com\/index.php?rest_route=%2Fwp%2Fv2%2Fmedia&parent=252272"}],"wp:term":[{"taxonomy":"category","embeddable":true,"href":"https:\/\/diariodominicano.com\/index.php?rest_route=%2Fwp%2Fv2%2Fcategories&post=252272"},{"taxonomy":"post_tag","embeddable":true,"href":"https:\/\/diariodominicano.com\/index.php?rest_route=%2Fwp%2Fv2%2Ftags&post=252272"}],"curies":[{"name":"wp","href":"https:\/\/api.w.org\/{rel}","templated":true}]}}