{"id":252270,"date":"2015-11-27T13:19:44","date_gmt":"2015-11-27T13:19:44","guid":{"rendered":"http:\/\/diariodominicano.ddns.net\/?p=252270"},"modified":"2015-11-27T13:19:44","modified_gmt":"2015-11-27T13:19:44","slug":"reforma-militar-china-mantiene-inalterable-compromiso-con-la-paz","status":"publish","type":"post","link":"https:\/\/diariodominicano.com\/?p=252270","title":{"rendered":"Reforma militar china mantiene inalterable compromiso con la paz\t&#13;"},"content":{"rendered":"<p><body><\/p>\n<p><img decoding=\"async\" src=\"img3\/yang-yujun.jpg\" \/>  <\/p>\n<p><span class=\"text1noticias\">Beijing, 27 nov (PL) China mantiene su compromiso inquebrantable con la paz tras la reforma propuesta para las fuerzas armadas del pa\u00eds hacia 2020, as\u00ed como su pol\u00edtica de car\u00e1cter defensivo, asegur\u00f3 hoy el portavoz del Ministerio de Defensa Nacional, Yang Yujun.<\/span><\/p>\n<\/p>\n<p><span class=\"text1noticias\">En rueda de prensa, el vocero se\u00f1al\u00f3 que el plan de China de reorganizar la estructura administrativa militar y el sistema de comando actuales, no afectar\u00e1 la pol\u00edtica de defensa de esta naci\u00f3n.<\/span><\/p>\n<\/p>\n<p><span class=\"text1noticias\">Yang explic\u00f3 que \u00ablas fuerzas armadas chinas siempre ser\u00e1n un fuerza firme para salvaguardar la paz mundial y la estabilidad regional\u00bb.<\/span><\/p>\n<\/p>\n<p><span class=\"text1noticias\">El comentario tuvo lugar luego que este jueves, el presidente chino Xi Jinping, anunciara que todas las fuerzas armadas de China ser\u00e1n supervisadas y controladas por el m\u00e1ximo \u00f3rgano militar, la Comisi\u00f3n Militar Central (CMC).<\/span><\/p>\n<\/p>\n<p><span class=\"text1noticias\">Los actuales comandos regionales militares ser\u00e1n reagrupados en unas nuevas direcciones de las zonas de batalla bajo la CMC, seg\u00fan dijo Xi en una reuni\u00f3n la v\u00edspera a la que asistieron m\u00e1s de 200 oficiales de alto rango.<\/span><\/p>\n<\/p>\n<p><span class=\"text1noticias\">Al tomar en cuenta el panorama general del mundo, as\u00ed como los cambios profundos y complicados en el escenario internacional, \u00abdebemos profundizar las reformas de defensa y militares con mayor sabidur\u00eda y valor\u00bb, coment\u00f3 Xi.<\/span><\/p>\n<\/p>\n<p><span class=\"text1noticias\">China reducir\u00e1 sus tropas en 300 mil elementos. El personal administrativo y no encargado de combate en el ej\u00e9rcito tambi\u00e9n disminuir\u00e1. La proporci\u00f3n y estructura de las fuerzas entre los distintos servicios ser\u00e1n racionalizadas para responder a las necesidades de seguridad y operaciones nuevas.<\/span><\/p>\n<\/p>\n<p><span class=\"text1noticias\">Ante el anuncio realizado por Xi, Yang consider\u00f3 que esas medidas muestran una vez m\u00e1s la resoluci\u00f3n de este pa\u00eds por continuar el camino del desarrollo pac\u00edfico.<\/span><\/p>\n<\/p>\n<p><span class=\"text1noticias\">Las estrategias, en opini\u00f3n del portavoz, tienen como objeto \u00abobtener avances en la administraci\u00f3n militar y el comando operativo conjunto, optimizar la estructura castrense, reforzar los sistemas de pol\u00edtica y la integraci\u00f3n civil-militar, y construir un ej\u00e9rcito moderno con caracter\u00edsticas chinas capaz de ganar las guerras basadas en la inform\u00e1tica\u00bb.<\/span><\/p>\n<\/p>\n<p><span class=\"text1noticias\">La reforma se centra en eliminar las barreras sistem\u00e1ticas que estorban la construcci\u00f3n militar, con el fin de promover la modernizaci\u00f3n del ej\u00e9rcito y liberar y desarrollar la capacidad de combate de las tropas, subray\u00f3. Esa reorganizaci\u00f3n contribuir\u00e1 a crear unas fuerzas militares fuertes que se ajusten al estatus internacional de este pa\u00eds y a los intereses de seguridad nacionales y que proporcionen una garant\u00eda al \u00abSue\u00f1o Chino\u00bb de rejuvenecer la naci\u00f3n, concluy\u00f3.<\/span><\/p>\n<\/p>\n<h6> 2015-11-27 13:19:44 <\/h6>\n<p><!--\n<link rel=\"stylesheet\" href=\"css\/bootstrap.min.css\">\n\n\n<ul class=\"pagination\">\n\t    \n\t\n\n<li >\n\t<a href='?page_no=21914'>Previous<\/a>\n\t<\/li>\n\n\n       \n    \n\n<li><a href='?page_no=1'>1<\/a><\/li>\n\n\n\n<li><a href='?page_no=2'>2<\/a><\/li>\n\n\n\n<li><a>...<\/a><\/li>\n\n\n\n<li><a href='?page_no=21913'>21913<\/a><\/li>\n\n\n\n<li><a href='?page_no=21914'>21914<\/a><\/li>\n\n\n\n<li class='active'><a>21915<\/a><\/li>\n\n\n\n<li><a href='?page_no=21916'>21916<\/a><\/li>\n\n\n\n<li><a href='?page_no=21917'>21917<\/a><\/li>\n\n\n\n<li><a>...<\/a><\/li>\n\n\n\n<li><a href='?page_no=51012'>51012<\/a><\/li>\n\n\n\n<li><a href='?page_no=51013'>51013<\/a><\/li>\n\n    \n\t\n\n<li >\n\t<a href='?page_no=21916'>Next<\/a>\n\t<\/li>\n\n\n    \n\n<li><a href='?page_no=51013'>Last &rsaquo;&rsaquo;<\/a><\/li>\n\n<\/ul>\n\n\n--><br \/>\n<\/body><\/p>\n","protected":false},"excerpt":{"rendered":"<p>Beijing, 27 nov (PL) China mantiene su compromiso inquebrantable con la paz tras la reforma propuesta para las fuerzas armadas del pa\u00eds hacia 2020, as\u00ed como su pol\u00edtica de car\u00e1cter defensivo, asegur\u00f3 hoy el portavoz del Ministerio de Defensa Nacional, Yang Yujun. En rueda de prensa, el vocero se\u00f1al\u00f3 que el plan de China de [&hellip;]<\/p>\n","protected":false},"author":3,"featured_media":0,"comment_status":"open","ping_status":"open","sticky":false,"template":"","format":"standard","meta":{"footnotes":""},"categories":[23],"tags":[],"class_list":["post-252270","post","type-post","status-publish","format-standard","hentry","category-internacional"],"_links":{"self":[{"href":"https:\/\/diariodominicano.com\/index.php?rest_route=\/wp\/v2\/posts\/252270","targetHints":{"allow":["GET"]}}],"collection":[{"href":"https:\/\/diariodominicano.com\/index.php?rest_route=\/wp\/v2\/posts"}],"about":[{"href":"https:\/\/diariodominicano.com\/index.php?rest_route=\/wp\/v2\/types\/post"}],"author":[{"embeddable":true,"href":"https:\/\/diariodominicano.com\/index.php?rest_route=\/wp\/v2\/users\/3"}],"replies":[{"embeddable":true,"href":"https:\/\/diariodominicano.com\/index.php?rest_route=%2Fwp%2Fv2%2Fcomments&post=252270"}],"version-history":[{"count":0,"href":"https:\/\/diariodominicano.com\/index.php?rest_route=\/wp\/v2\/posts\/252270\/revisions"}],"wp:attachment":[{"href":"https:\/\/diariodominicano.com\/index.php?rest_route=%2Fwp%2Fv2%2Fmedia&parent=252270"}],"wp:term":[{"taxonomy":"category","embeddable":true,"href":"https:\/\/diariodominicano.com\/index.php?rest_route=%2Fwp%2Fv2%2Fcategories&post=252270"},{"taxonomy":"post_tag","embeddable":true,"href":"https:\/\/diariodominicano.com\/index.php?rest_route=%2Fwp%2Fv2%2Ftags&post=252270"}],"curies":[{"name":"wp","href":"https:\/\/api.w.org\/{rel}","templated":true}]}}