{"id":252269,"date":"2015-11-27T13:23:57","date_gmt":"2015-11-27T13:23:57","guid":{"rendered":"http:\/\/diariodominicano.ddns.net\/?p=252269"},"modified":"2015-11-27T13:23:57","modified_gmt":"2015-11-27T13:23:57","slug":"rusia-propone-apoyo-a-siria-en-cierre-frontera-con-turquia","status":"publish","type":"post","link":"https:\/\/diariodominicano.com\/?p=252269","title":{"rendered":"&#13;Rusia propone apoyo a Siria en cierre frontera con Turqu\u00eda"},"content":{"rendered":"<p><body><\/p>\n<p><img decoding=\"async\" src=\"img3\/sergueilavrov.jpg\" \/>  <\/p>\n<\/p>\n<p>Mosc\u00fa, 27 nov (PL) El canciller Sergu\u00e9i Lavrov propuso hoy el apoyo de Rusia a Siria en el cierre y protecci\u00f3n de la frontera con Turqu\u00eda, para evitar el trasiego de terroristas y el contrabando de armamentos y de petr\u00f3leo desde el vecino pa\u00eds.<\/p>\n<\/p>\n<p>Lavrov anunci\u00f3 durante el encuentro con su par sirio, Wallid al Muallem, la disposici\u00f3n de Mosc\u00fa a concertar pasos concretos para cerrar la frontera con Turqu\u00eda, considerada por analistas las puertas al ingreso de millares de elementos extremistas que combaten a las fuerzas de Damasco.<\/p>\n<\/p>\n<p>El Ministro record\u00f3 que el presidente franc\u00e9s, Fran\u00e7ois Hollande, propuso la evaluaci\u00f3n de medidas en esa direcci\u00f3n, mientras Rusia insiste en que cualquier paso debe ser conciliado con el gobierno del presidente Bashar al Assad.<\/p>\n<\/p>\n<p>Las tensiones que aumentaron tras el derribo de un avi\u00f3n militar ruso en territorio sirio por un caza F-16 turco, que caus\u00f3 la muerte del comandante de la tripulaci\u00f3n y la de un infante de marina como consecuencia de ese acto de hostilidad, fue plato fuerte tambi\u00e9n de las conversaciones entre los cancilleres.<\/p>\n<\/p>\n<p>Advirti\u00f3 Lavrov al respecto que Ankara podr\u00eda verse en una situaci\u00f3n dif\u00edcil debido a que el liderazgo de ese pa\u00eds sobrepas\u00f3 los l\u00edmites permitidos.<\/p>\n<\/p>\n<p>Consider\u00f3 que la actuaci\u00f3n turca con el derribo del bombardero ruso que participaba en tareas antiterroristas y la actitud mantenida hasta ahora pone en riesgo a ese Estado desde el punto de vista de los intereses nacionales y de su situaci\u00f3n regional.<\/p>\n<\/p>\n<p>Rusia insiste en que la nave Su-24 no viol\u00f3 el espacio a\u00e9reo turco y el derribo se produjo en territorio sirio, a escasos kil\u00f3metros de la frontera com\u00fan, en el norte de la regi\u00f3n de Latakia, donde precisamente la aviaci\u00f3n rusa asestaba golpes a enclaves terroristas.<\/p>\n<\/p>\n<p>Expres\u00f3 Lavrov en que su pa\u00eds esperaba que otros actores internacionales percibieran la inadecuada y dualidad de las posiciones de Turqu\u00eda en torno al incidente, calificado por Mosc\u00fa de un acto hostil de agresi\u00f3n, sin precedentes en las relaciones bilaterales, en la etapa contempor\u00e1nea. Dijo el ministro que el gobierno turco \u00abcomenz\u00f3 a ponerse nervioso desde el momento en que las fuerzas aeroespaciales rusas comenzaron a bombardear las caravanas de los terroristas con petr\u00f3leo robado en territorio sirio\u00bb.<\/p>\n<\/p>\n<p>Opin\u00f3 que al menos el arresto de dos periodistas turcos que reportaron sobre los suministros il\u00edcitos de armamentos desvela negocios clandestinos celosamente guardados por las autoridades de ese pa\u00eds.<\/p>\n<\/p>\n<p>Coincidi\u00f3 a su vez el canciller sirio en que Turqu\u00eda derrib\u00f3 el bombardero ruso porque Rusia destru\u00eda los camiones cisternas que trasladaban el petr\u00f3leo contrabandeado por el Estado Isl\u00e1mico.<\/p>\n<\/p>\n<p>Asever\u00f3 Muallem que Ankara dio ese paso al proteger a los terroristas y porque la aviaci\u00f3n rusa destruy\u00f3 m\u00e1s de mil camiones cisterna en los \u00faltimos cinco d\u00edas, en los que se traficaba el combustible robado hacia Turqu\u00eda.<\/p>\n<\/p>\n<p>El jefe de la diplomacia siria argument\u00f3 que el vecino pa\u00eds se encarga de la transportaci\u00f3n y exportaci\u00f3n del petr\u00f3leo robado por el Estado Isl\u00e1mico en Iraq y Siria, embarcado luego a puertos de otras naciones, de la regi\u00f3n e incluso europeas.<\/p>\n<\/p>\n<p>Una serie de publicaciones y art\u00edculos de prensa se\u00f1alan entre los implicados en el contrabando y apoyo a los terroristas a un hijo del presidente Recep Tayyip Erdogan y al jefe de los servicios turcos de Seguridad. mgt\/oda<\/p>\n<h6> 2015-11-27 13:23:57 <\/h6>\n<p><!--\n<link rel=\"stylesheet\" href=\"css\/bootstrap.min.css\">\n\n\n<ul class=\"pagination\">\n\t    \n\t\n\n<li >\n\t<a href='?page_no=21913'>Previous<\/a>\n\t<\/li>\n\n\n       \n    \n\n<li><a href='?page_no=1'>1<\/a><\/li>\n\n\n\n<li><a href='?page_no=2'>2<\/a><\/li>\n\n\n\n<li><a>...<\/a><\/li>\n\n\n\n<li><a href='?page_no=21912'>21912<\/a><\/li>\n\n\n\n<li><a href='?page_no=21913'>21913<\/a><\/li>\n\n\n\n<li class='active'><a>21914<\/a><\/li>\n\n\n\n<li><a href='?page_no=21915'>21915<\/a><\/li>\n\n\n\n<li><a href='?page_no=21916'>21916<\/a><\/li>\n\n\n\n<li><a>...<\/a><\/li>\n\n\n\n<li><a href='?page_no=51012'>51012<\/a><\/li>\n\n\n\n<li><a href='?page_no=51013'>51013<\/a><\/li>\n\n    \n\t\n\n<li >\n\t<a href='?page_no=21915'>Next<\/a>\n\t<\/li>\n\n\n    \n\n<li><a href='?page_no=51013'>Last &rsaquo;&rsaquo;<\/a><\/li>\n\n<\/ul>\n\n\n--><br \/>\n<\/body><\/p>\n","protected":false},"excerpt":{"rendered":"<p>Mosc\u00fa, 27 nov (PL) El canciller Sergu\u00e9i Lavrov propuso hoy el apoyo de Rusia a Siria en el cierre y protecci\u00f3n de la frontera con Turqu\u00eda, para evitar el trasiego de terroristas y el contrabando de armamentos y de petr\u00f3leo desde el vecino pa\u00eds. Lavrov anunci\u00f3 durante el encuentro con su par sirio, Wallid al [&hellip;]<\/p>\n","protected":false},"author":3,"featured_media":0,"comment_status":"open","ping_status":"open","sticky":false,"template":"","format":"standard","meta":{"footnotes":""},"categories":[23],"tags":[],"class_list":["post-252269","post","type-post","status-publish","format-standard","hentry","category-internacional"],"_links":{"self":[{"href":"https:\/\/diariodominicano.com\/index.php?rest_route=\/wp\/v2\/posts\/252269","targetHints":{"allow":["GET"]}}],"collection":[{"href":"https:\/\/diariodominicano.com\/index.php?rest_route=\/wp\/v2\/posts"}],"about":[{"href":"https:\/\/diariodominicano.com\/index.php?rest_route=\/wp\/v2\/types\/post"}],"author":[{"embeddable":true,"href":"https:\/\/diariodominicano.com\/index.php?rest_route=\/wp\/v2\/users\/3"}],"replies":[{"embeddable":true,"href":"https:\/\/diariodominicano.com\/index.php?rest_route=%2Fwp%2Fv2%2Fcomments&post=252269"}],"version-history":[{"count":0,"href":"https:\/\/diariodominicano.com\/index.php?rest_route=\/wp\/v2\/posts\/252269\/revisions"}],"wp:attachment":[{"href":"https:\/\/diariodominicano.com\/index.php?rest_route=%2Fwp%2Fv2%2Fmedia&parent=252269"}],"wp:term":[{"taxonomy":"category","embeddable":true,"href":"https:\/\/diariodominicano.com\/index.php?rest_route=%2Fwp%2Fv2%2Fcategories&post=252269"},{"taxonomy":"post_tag","embeddable":true,"href":"https:\/\/diariodominicano.com\/index.php?rest_route=%2Fwp%2Fv2%2Ftags&post=252269"}],"curies":[{"name":"wp","href":"https:\/\/api.w.org\/{rel}","templated":true}]}}