{"id":252266,"date":"2015-11-27T17:00:37","date_gmt":"2015-11-27T17:00:37","guid":{"rendered":"http:\/\/diariodominicano.ddns.net\/?p=252266"},"modified":"2015-11-27T17:00:37","modified_gmt":"2015-11-27T17:00:37","slug":"rusia-ataca-convoy-de-armas-destinado-a-rebeldes-en-frontera-sirio-turca","status":"publish","type":"post","link":"https:\/\/diariodominicano.com\/?p=252266","title":{"rendered":"Rusia ataca convoy de armas destinado a rebeldes en frontera sirio-turca"},"content":{"rendered":"<p><body><\/p>\n<p><img decoding=\"async\" src=\"img3\/134862534_14486230711281n.jpg\" \/>  <\/p>\n<p><strong> <\/strong><\/p>\n<p><strong>DAMASCO, 27 nov (Xinhua) .- <\/strong>Aviones de guerra rusos han atacado un convoy de armas que se dirig\u00eda desde Turqu\u00eda hacia el norte de Siria, inform\u00f3 este viernes la cadena pan\u00e1rabe de televisi\u00f3n Al Mayadeen.<\/p>\n<\/p>\n<p>El caza ruso atac\u00f3 el jueves el convoy en el paso fronterizo de Bab Al Salameh, seg\u00fan la informaci\u00f3n, en la que se a\u00f1ad\u00eda que el cargamento estaba destinado a los rebeldes del Frente de Nusra, vinculados con Al Qaeda, y del Movimiento Ahrar Al Sham.<\/p>\n<\/p>\n<p>Bab Al Salameh, un paso fronterizo que conecta Turqu\u00eda con la provincia septentrional siria de Aleppo, est\u00e1 bajo control del citado Movimiento Ahrar Al Sham, un grupo miliciano respaldado por Turqu\u00eda y que fue fundado por Qatar, de acuerdo con la cadena televisiva.<\/p>\n<\/p>\n<p>El ataque a\u00e9reo es el segundo contra cargamentos destinados a los rebeldes en 24 horas, y forma parte de la intensificada ofensiva rusa sobre los rebeldes cerca de la frontera turca. Este incremento de la intensidad se produce despu\u00e9s de que Turqu\u00eda derribase un avi\u00f3n de combate ruso al que Ankara acus\u00f3 de penetrar su espacio a\u00e9reo.<\/p>\n<\/p>\n<p>Rusia, en boca de su presidente, Vladimir Putin, consider\u00f3 el derribo como \u00abuna pu\u00f1alada en la espalda\u00bb que refleja su resentimiento por los intensos bombardeos sobre los rebeldes apoyados por Turqu\u00eda que se asientan en el norte de Siria.<\/p>\n<\/p>\n<p>Turqu\u00eda se ha posicionado hace tiempo como un firme defensor de la insurgencia siria, y ha aportado respaldo y refugio seguro a los rebeldes sirios.<\/p>\n<\/p>\n<p>La intensificaci\u00f3n de los ataques rusos han permitido al ej\u00e9rcito sirio avanzar contra los insurgentes en muchas zonas del pa\u00eds.<\/p>\n<h6> 2015-11-27 17:00:37 <\/h6>\n<p><!--\n<link rel=\"stylesheet\" href=\"css\/bootstrap.min.css\">\n\n\n<ul class=\"pagination\">\n\t    \n\t\n\n<li >\n\t<a href='?page_no=21910'>Previous<\/a>\n\t<\/li>\n\n\n       \n    \n\n<li><a href='?page_no=1'>1<\/a><\/li>\n\n\n\n<li><a href='?page_no=2'>2<\/a><\/li>\n\n\n\n<li><a>...<\/a><\/li>\n\n\n\n<li><a href='?page_no=21909'>21909<\/a><\/li>\n\n\n\n<li><a href='?page_no=21910'>21910<\/a><\/li>\n\n\n\n<li class='active'><a>21911<\/a><\/li>\n\n\n\n<li><a href='?page_no=21912'>21912<\/a><\/li>\n\n\n\n<li><a href='?page_no=21913'>21913<\/a><\/li>\n\n\n\n<li><a>...<\/a><\/li>\n\n\n\n<li><a href='?page_no=51012'>51012<\/a><\/li>\n\n\n\n<li><a href='?page_no=51013'>51013<\/a><\/li>\n\n    \n\t\n\n<li >\n\t<a href='?page_no=21912'>Next<\/a>\n\t<\/li>\n\n\n    \n\n<li><a href='?page_no=51013'>Last &rsaquo;&rsaquo;<\/a><\/li>\n\n<\/ul>\n\n\n--><br \/>\n<\/body><\/p>\n","protected":false},"excerpt":{"rendered":"<p>DAMASCO, 27 nov (Xinhua) .- Aviones de guerra rusos han atacado un convoy de armas que se dirig\u00eda desde Turqu\u00eda hacia el norte de Siria, inform\u00f3 este viernes la cadena pan\u00e1rabe de televisi\u00f3n Al Mayadeen. El caza ruso atac\u00f3 el jueves el convoy en el paso fronterizo de Bab Al Salameh, seg\u00fan la informaci\u00f3n, en [&hellip;]<\/p>\n","protected":false},"author":3,"featured_media":0,"comment_status":"open","ping_status":"open","sticky":false,"template":"","format":"standard","meta":{"footnotes":""},"categories":[23],"tags":[],"class_list":["post-252266","post","type-post","status-publish","format-standard","hentry","category-internacional"],"_links":{"self":[{"href":"https:\/\/diariodominicano.com\/index.php?rest_route=\/wp\/v2\/posts\/252266","targetHints":{"allow":["GET"]}}],"collection":[{"href":"https:\/\/diariodominicano.com\/index.php?rest_route=\/wp\/v2\/posts"}],"about":[{"href":"https:\/\/diariodominicano.com\/index.php?rest_route=\/wp\/v2\/types\/post"}],"author":[{"embeddable":true,"href":"https:\/\/diariodominicano.com\/index.php?rest_route=\/wp\/v2\/users\/3"}],"replies":[{"embeddable":true,"href":"https:\/\/diariodominicano.com\/index.php?rest_route=%2Fwp%2Fv2%2Fcomments&post=252266"}],"version-history":[{"count":0,"href":"https:\/\/diariodominicano.com\/index.php?rest_route=\/wp\/v2\/posts\/252266\/revisions"}],"wp:attachment":[{"href":"https:\/\/diariodominicano.com\/index.php?rest_route=%2Fwp%2Fv2%2Fmedia&parent=252266"}],"wp:term":[{"taxonomy":"category","embeddable":true,"href":"https:\/\/diariodominicano.com\/index.php?rest_route=%2Fwp%2Fv2%2Fcategories&post=252266"},{"taxonomy":"post_tag","embeddable":true,"href":"https:\/\/diariodominicano.com\/index.php?rest_route=%2Fwp%2Fv2%2Ftags&post=252266"}],"curies":[{"name":"wp","href":"https:\/\/api.w.org\/{rel}","templated":true}]}}