{"id":252263,"date":"2015-11-27T17:22:14","date_gmt":"2015-11-27T17:22:14","guid":{"rendered":"http:\/\/diariodominicano.ddns.net\/?p=252263"},"modified":"2015-11-27T17:22:14","modified_gmt":"2015-11-27T17:22:14","slug":"papa-declara-a-africa-como-continente-de-la-esperanza","status":"publish","type":"post","link":"https:\/\/diariodominicano.com\/?p=252263","title":{"rendered":"Papa declara a \u00c1frica como \u00abcontinente de la esperanza\u00bb"},"content":{"rendered":"<p><body><\/p>\n<p><img decoding=\"async\" src=\"img3\/uganda-vatican-pope-africa.jpg\" \/>  <\/p>\n<p>viernes, 27 de noviembre de 2015 &#8211; 4:44 PM<\/p>\n<p>Por The Associated Press<\/p>\n<\/p>\n<p>El papa a su llegada a Uganda, segunda parada de su peregrinaci\u00f3n en el continente africano. (semisquare-x3)<\/p>\n<p>El papa a su llegada a Uganda, segunda parada de su peregrinaci\u00f3n en el continente africano. (The Associated Press)<\/p>\n<\/p>\n<p>KAMPALA, Uganda? El papa Francisco declar\u00f3 a \u00c1frica el \u00abcontinente de la esperanza\u00bb al arribar el viernes a Uganda, el segundo tramo de su peregrinaci\u00f3n africana, para rendir homenaje a los cristianos m\u00e1s c\u00e9lebres del pa\u00eds.<\/p>\n<\/p>\n<p>Francisco fue recibido en el aeropuerto internacional de Entebbe por el presidente Yoweri Museveni, a quien flanqueaban una banda militar y percusionistas y bailarines tradicionales.<\/p>\n<\/p>\n<p>El papa, quien arrib\u00f3 desde Kenia y luego visitar\u00e1 la Rep\u00fablica Centroafricana, honrar\u00e1 la memoria de un grupo de cristianos ugandeses muertos a fines del siglo XIX por un rey local que tem\u00eda la influencia creciente del cristianismo.<\/p>\n<\/p>\n<p>Las v\u00edctimas, conocidas como los M\u00e1rtires de Uganda, incluyen a 45 anglicanos y cat\u00f3licos muertos entre 1885 y 1887. El papa Paulo VI canoniz\u00f3 a los 22 cat\u00f3licos en 1964.<\/p>\n<\/p>\n<p>\u00abNos recuerdan que la fe, la rectitud moral y la consagraci\u00f3n al bien com\u00fan han cumplido y siguen cumpliendo un papel tan importante en la vida cultural, econ\u00f3mica y pol\u00edtica de este pa\u00eds\u00bb, dijo Francisco a los dignatarios reunidos en una ceremonia de recibimiento en la casa de gobierno.<\/p>\n<\/p>\n<p>Museveni no pronunci\u00f3 un discurso de bienvenida.<\/p>\n<\/p>\n<p>Posteriormente, el papa lleg\u00f3 a un santuario consagrado a los m\u00e1rtires en Munyonyo, donde los condenaron a muerte.<\/p>\n<\/p>\n<p>Francisco tuvo una ajetreada jornada final en Kenia, donde visit\u00f3 un barrio pobre e improvis\u00f3 un discurso ante miles de j\u00f3venes acerca de los males de la corrupci\u00f3n y la radicalizaci\u00f3n que lleva a muchos j\u00f3venes a unirse a grupos extremistas.<\/p>\n<\/p>\n<p>Kangemi es uno de 11 barrios pobres en Nairobi, la ciudad m\u00e1s grande de \u00c1frica oriental. En el vecindario viven unos 50.000 habitantes sin servicios b\u00e1sicos de higiene.<\/p>\n<\/p>\n<p>Francisco denunci\u00f3 la \u00abinjusticia de la exclusi\u00f3n urbana\u00bb y la distribuci\u00f3n injusta de la tierra.<\/p>\n<\/p>\n<p>\u00abEstas son heridas infligidas por minor\u00edas que se aferran al poder y a la riqueza, que ego\u00edstamente malgastan mientras una creciente mayor\u00eda es obligada a huir a periferias abandonadas, sucias y deterioradas\u00bb, afirm\u00f3 el papa.<\/p>\n<\/p>\n<p>\u00abEl negarle agua a una familia, bajo cualquier pretexto burocr\u00e1tico, es una gran injusticia, en especial cuando uno obtiene ganancias a partir de esta necesidad\u00bb, agreg\u00f3.<\/p>\n<\/p>\n<p>Francisco les dijo a los habitantes que la gente que es obligada a vivir en barrios pobres de hecho comparte valores que los vecindarios de mejor posici\u00f3n econ\u00f3mica pueden aprender: solidaridad y el ver por los pobres. Adicionalmente, denunci\u00f3 como injusto que familias enteras sean obligadas a radicar en viviendas inadecuadas, con frecuencia a precios exorbitantes.<\/p>\n<\/p>\n<h6> 2015-11-27 17:22:14 <\/h6>\n<p><!--\n<link rel=\"stylesheet\" href=\"css\/bootstrap.min.css\">\n\n\n<ul class=\"pagination\">\n\t    \n\t\n\n<li >\n\t<a href='?page_no=21907'>Previous<\/a>\n\t<\/li>\n\n\n       \n    \n\n<li><a href='?page_no=1'>1<\/a><\/li>\n\n\n\n<li><a href='?page_no=2'>2<\/a><\/li>\n\n\n\n<li><a>...<\/a><\/li>\n\n\n\n<li><a href='?page_no=21906'>21906<\/a><\/li>\n\n\n\n<li><a href='?page_no=21907'>21907<\/a><\/li>\n\n\n\n<li class='active'><a>21908<\/a><\/li>\n\n\n\n<li><a href='?page_no=21909'>21909<\/a><\/li>\n\n\n\n<li><a href='?page_no=21910'>21910<\/a><\/li>\n\n\n\n<li><a>...<\/a><\/li>\n\n\n\n<li><a href='?page_no=51012'>51012<\/a><\/li>\n\n\n\n<li><a href='?page_no=51013'>51013<\/a><\/li>\n\n    \n\t\n\n<li >\n\t<a href='?page_no=21909'>Next<\/a>\n\t<\/li>\n\n\n    \n\n<li><a href='?page_no=51013'>Last &rsaquo;&rsaquo;<\/a><\/li>\n\n<\/ul>\n\n\n--><br \/>\n<\/body><\/p>\n","protected":false},"excerpt":{"rendered":"<p>viernes, 27 de noviembre de 2015 &#8211; 4:44 PM Por The Associated Press El papa a su llegada a Uganda, segunda parada de su peregrinaci\u00f3n en el continente africano. (semisquare-x3) El papa a su llegada a Uganda, segunda parada de su peregrinaci\u00f3n en el continente africano. (The Associated Press) KAMPALA, Uganda? El papa Francisco declar\u00f3 [&hellip;]<\/p>\n","protected":false},"author":3,"featured_media":0,"comment_status":"open","ping_status":"open","sticky":false,"template":"","format":"standard","meta":{"footnotes":""},"categories":[23],"tags":[],"class_list":["post-252263","post","type-post","status-publish","format-standard","hentry","category-internacional"],"_links":{"self":[{"href":"https:\/\/diariodominicano.com\/index.php?rest_route=\/wp\/v2\/posts\/252263","targetHints":{"allow":["GET"]}}],"collection":[{"href":"https:\/\/diariodominicano.com\/index.php?rest_route=\/wp\/v2\/posts"}],"about":[{"href":"https:\/\/diariodominicano.com\/index.php?rest_route=\/wp\/v2\/types\/post"}],"author":[{"embeddable":true,"href":"https:\/\/diariodominicano.com\/index.php?rest_route=\/wp\/v2\/users\/3"}],"replies":[{"embeddable":true,"href":"https:\/\/diariodominicano.com\/index.php?rest_route=%2Fwp%2Fv2%2Fcomments&post=252263"}],"version-history":[{"count":0,"href":"https:\/\/diariodominicano.com\/index.php?rest_route=\/wp\/v2\/posts\/252263\/revisions"}],"wp:attachment":[{"href":"https:\/\/diariodominicano.com\/index.php?rest_route=%2Fwp%2Fv2%2Fmedia&parent=252263"}],"wp:term":[{"taxonomy":"category","embeddable":true,"href":"https:\/\/diariodominicano.com\/index.php?rest_route=%2Fwp%2Fv2%2Fcategories&post=252263"},{"taxonomy":"post_tag","embeddable":true,"href":"https:\/\/diariodominicano.com\/index.php?rest_route=%2Fwp%2Fv2%2Ftags&post=252263"}],"curies":[{"name":"wp","href":"https:\/\/api.w.org\/{rel}","templated":true}]}}