{"id":252262,"date":"2015-11-27T17:29:57","date_gmt":"2015-11-27T17:29:57","guid":{"rendered":"http:\/\/diariodominicano.ddns.net\/?p=252262"},"modified":"2015-11-27T17:29:57","modified_gmt":"2015-11-27T17:29:57","slug":"tiroteo-cerca-de-clinica-de-aborto-en-colorado","status":"publish","type":"post","link":"https:\/\/diariodominicano.com\/?p=252262","title":{"rendered":"Tiroteo cerca de cl\u00ednica de aborto en Colorado"},"content":{"rendered":"<p><body><\/p>\n<p>viernes, 27 de noviembre de 2015 &#8211; 3:54 PM<\/p>\n<\/p>\n<p>Actualizado en: viernes, 27 de noviembre de 2015 &#8211; 6:10 PM<\/p>\n<p>Por The Associated Press<\/p>\n<\/p>\n<p>Hasta el momento, el atacante no ha sido capturado<\/p>\n<p>Debido a la naturaleza de su trabajo de planificaci\u00f3n familiar, la organizaci\u00f3n Planned Parenthood ha sido atacada por grupos opositores al aborto. (Archivo)<\/p>\n<p>La polic\u00eda buscaba el viernes a un hombre armado que hizo disparos cerca de una cl\u00ednica de planificaci\u00f3n familiar en Colorado Springs.<\/p>\n<\/p>\n<p>Al menos un civil y cuatro agentes resultaron heridos en el ataque, dijeron las autoridades.<\/p>\n<\/p>\n<p>La teniente de la polic\u00eda Catherine Buckley dijo que las autoridades desconoc\u00edan d\u00f3nde se encontraba el agresor o si hab\u00eda tomado rehenes.<\/p>\n<\/p>\n<p>\u00abNo podemos confirmar d\u00f3nde se encuentra el atacante en este momento\u00bb, agreg\u00f3.<\/p>\n<\/p>\n<p>A la pregunta de si el agresor hab\u00eda tomado rehenes, Buckley dijo a la prensa: \u00abExiste esa posibilidad. Existen bastantes posibilidades con ese escenario\u00bb.<\/p>\n<\/p>\n<p>Las autoridades recibieron un aviso sobre disparos cerca de la cl\u00ednica de Planned Parenthood antes del mediod\u00eda.<\/p>\n<\/p>\n<p>Los agentes que acudieron al lugar intercambiaron disparos con el atacante, se\u00f1al\u00f3 Buckley. Agreg\u00f3 que se desconoce si el tiroteo ten\u00eda alguna relaci\u00f3n con Planned Parenthood.<\/p>\n<\/p>\n<p>Denise Speller, gerente de una est\u00e9tica cercana, asegur\u00f3 que ella escuch\u00f3 unos 20 disparos en menos de cinco minutos.<\/p>\n<\/p>\n<p>Speller dijo al peri\u00f3dico The Gazette que vio a un coche patrulla y a dos agentes cerca de una filial del Chase Bank, no distante de la instalaci\u00f3n de Planned Parenthood.<\/p>\n<\/p>\n<p>Al parecer uno de los agentes cay\u00f3, otro se arrodill\u00f3 para ayudarlo y despu\u00e9s intent\u00f3 ponerlo a salvo detr\u00e1s del veh\u00edculo, agreg\u00f3.<\/p>\n<\/p>\n<h6> 2015-11-27 17:29:57 <\/h6>\n<p><!--\n<link rel=\"stylesheet\" href=\"css\/bootstrap.min.css\">\n\n\n<ul class=\"pagination\">\n\t    \n\t\n\n<li >\n\t<a href='?page_no=21906'>Previous<\/a>\n\t<\/li>\n\n\n       \n    \n\n<li><a href='?page_no=1'>1<\/a><\/li>\n\n\n\n<li><a href='?page_no=2'>2<\/a><\/li>\n\n\n\n<li><a>...<\/a><\/li>\n\n\n\n<li><a href='?page_no=21905'>21905<\/a><\/li>\n\n\n\n<li><a href='?page_no=21906'>21906<\/a><\/li>\n\n\n\n<li class='active'><a>21907<\/a><\/li>\n\n\n\n<li><a href='?page_no=21908'>21908<\/a><\/li>\n\n\n\n<li><a href='?page_no=21909'>21909<\/a><\/li>\n\n\n\n<li><a>...<\/a><\/li>\n\n\n\n<li><a href='?page_no=51012'>51012<\/a><\/li>\n\n\n\n<li><a href='?page_no=51013'>51013<\/a><\/li>\n\n    \n\t\n\n<li >\n\t<a href='?page_no=21908'>Next<\/a>\n\t<\/li>\n\n\n    \n\n<li><a href='?page_no=51013'>Last &rsaquo;&rsaquo;<\/a><\/li>\n\n<\/ul>\n\n\n--><br \/>\n<\/body><\/p>\n","protected":false},"excerpt":{"rendered":"<p>viernes, 27 de noviembre de 2015 &#8211; 3:54 PM Actualizado en: viernes, 27 de noviembre de 2015 &#8211; 6:10 PM Por The Associated Press Hasta el momento, el atacante no ha sido capturado Debido a la naturaleza de su trabajo de planificaci\u00f3n familiar, la organizaci\u00f3n Planned Parenthood ha sido atacada por grupos opositores al aborto. [&hellip;]<\/p>\n","protected":false},"author":3,"featured_media":0,"comment_status":"open","ping_status":"open","sticky":false,"template":"","format":"standard","meta":{"footnotes":""},"categories":[23],"tags":[],"class_list":["post-252262","post","type-post","status-publish","format-standard","hentry","category-internacional"],"_links":{"self":[{"href":"https:\/\/diariodominicano.com\/index.php?rest_route=\/wp\/v2\/posts\/252262","targetHints":{"allow":["GET"]}}],"collection":[{"href":"https:\/\/diariodominicano.com\/index.php?rest_route=\/wp\/v2\/posts"}],"about":[{"href":"https:\/\/diariodominicano.com\/index.php?rest_route=\/wp\/v2\/types\/post"}],"author":[{"embeddable":true,"href":"https:\/\/diariodominicano.com\/index.php?rest_route=\/wp\/v2\/users\/3"}],"replies":[{"embeddable":true,"href":"https:\/\/diariodominicano.com\/index.php?rest_route=%2Fwp%2Fv2%2Fcomments&post=252262"}],"version-history":[{"count":0,"href":"https:\/\/diariodominicano.com\/index.php?rest_route=\/wp\/v2\/posts\/252262\/revisions"}],"wp:attachment":[{"href":"https:\/\/diariodominicano.com\/index.php?rest_route=%2Fwp%2Fv2%2Fmedia&parent=252262"}],"wp:term":[{"taxonomy":"category","embeddable":true,"href":"https:\/\/diariodominicano.com\/index.php?rest_route=%2Fwp%2Fv2%2Fcategories&post=252262"},{"taxonomy":"post_tag","embeddable":true,"href":"https:\/\/diariodominicano.com\/index.php?rest_route=%2Fwp%2Fv2%2Ftags&post=252262"}],"curies":[{"name":"wp","href":"https:\/\/api.w.org\/{rel}","templated":true}]}}