{"id":252253,"date":"2015-11-28T08:52:04","date_gmt":"2015-11-28T08:52:04","guid":{"rendered":"http:\/\/diariodominicano.ddns.net\/?p=252253"},"modified":"2015-11-28T08:52:04","modified_gmt":"2015-11-28T08:52:04","slug":"gobierno-venezolano-saluda-nombramiento-de-susana-malcorra-como-nueva-canciller-de-argentina","status":"publish","type":"post","link":"https:\/\/diariodominicano.com\/?p=252253","title":{"rendered":"Gobierno venezolano saluda nombramiento de Susana Malcorra como nueva canciller de Argentina"},"content":{"rendered":"<p><body><\/p>\n<p><strong>CARACAS, 27 nov (Xinhua) &#8212;<\/strong> La ministra de Asuntos Exteriores de Venezuela, Delcy Rodr\u00edguez, felicit\u00f3 este viernes a Susana Malcorra por su designaci\u00f3n como canciller de Argentina en la nueva gesti\u00f3n presidencial, que iniciar\u00e1 el pr\u00f3ximo 10 de diciembre.<\/p>\n<\/p>\n<p>Rodr\u00edguez apunt\u00f3 que reconoce el \u00abprofesionalismo\u00bb con el que trabaja Malcorra en aras de la \u00abunidad\u00bb de la regi\u00f3n latinoamericana.<\/p>\n<\/p>\n<p>\u00abFelicitamos a Susana Malcorra por su nombramiento como canciller de Argentina\u00bb, manifest\u00f3 Rodr\u00edguez a trav\u00e9s de su cuenta en Twitter, al informar sobre el encuentro que sostuvo con la diplom\u00e1tica, que funge como jefa de Gabinete de las Naciones Unidas.<\/p>\n<\/p>\n<p>En el encuentro, Delcy Rodr\u00edguez y Susana Malcorra conversaron sobre la situaci\u00f3n que afrontan Venezuela y la Rep\u00fablica Cooperativa de Guyana en torno al Esequibo.<\/p>\n<\/p>\n<p>\u00abSostuvimos reuni\u00f3n con Susana Malcorra en ONU (Organizaci\u00f3n de Naciones Unidas) para conocer los avances de la comisi\u00f3n sobre el Esequibo\u00bb, apunt\u00f3 la jefa de la diplomacia venezolana.<\/p>\n<\/p>\n<p>Con respecto a las relaciones diplom\u00e1ticas que se levantan entre Caracas y Buenos Aires, se han visto marcadas en los \u00faltimos d\u00edas por las declaraciones del presidente electo, Mauricio Macri.<\/p>\n<\/p>\n<p>Macri, quien asumir\u00e1 la presidencia el 10 de diciembre, afirm\u00f3 que en la pr\u00f3xima cumbre del Mercado Com\u00fan del Sur (Mercosur) solicitar\u00e1 que se aplique la cl\u00e1usula democr\u00e1tica contra Venezuela por la supuesta \u00abpersecuci\u00f3n\u00bb de pol\u00edticos opositores.<\/p>\n<\/p>\n<p>Ante esta situaci\u00f3n, el dirigente del gobernante Partido Socialista Unido de Venezuela (PSUV), Diosdado Cabello, afirm\u00f3 que el nuevo mandatario tendr\u00e1 muchas cosas que atender en Argentina como para inmiscuirse en asuntos del pa\u00eds caribe\u00f1o.<\/p>\n<\/p>\n<p>\u00abEn Argentina gan\u00f3 el se\u00f1or (Mauricio) Macri, pero parece que \u00e9l cree que gan\u00f3 en Venezuela. Yo creo que usted va a tener mucho trabajo en Argentina para estar meti\u00e9ndose en los asuntos de Venezuela\u00bb, afirm\u00f3.<\/p>\n<\/p>\n<p>A su vez, el defensor del Pueblo venezolano, Tarek William Saab, dijo que la acci\u00f3n de Macri \u00abcumple\u00bb con un gui\u00f3n dirigido desde Estados Unidos, con la finalidad de desintegrar el Mercosur y la Uni\u00f3n de Naciones Suramericanas (Unasur).<\/p>\n<\/p>\n<p>La misma opini\u00f3n sostuvo este viernes el Parlamento Latinoamericano (Parlatino) cap\u00edtulo Venezuela, que a trav\u00e9s de su presidente Angel Rodr\u00edguez, calific\u00f3 de \u00abimprudente e inmerecida\u00bb una posible aplicaci\u00f3n de la Carta Democr\u00e1tica contra el pa\u00eds caribe\u00f1o.<\/p>\n<h6> 2015-11-28 08:52:04 <\/h6>\n<p><!--\n<link rel=\"stylesheet\" href=\"css\/bootstrap.min.css\">\n\n\n<ul class=\"pagination\">\n\t    \n\t\n\n<li >\n\t<a href='?page_no=21897'>Previous<\/a>\n\t<\/li>\n\n\n       \n    \n\n<li><a href='?page_no=1'>1<\/a><\/li>\n\n\n\n<li><a href='?page_no=2'>2<\/a><\/li>\n\n\n\n<li><a>...<\/a><\/li>\n\n\n\n<li><a href='?page_no=21896'>21896<\/a><\/li>\n\n\n\n<li><a href='?page_no=21897'>21897<\/a><\/li>\n\n\n\n<li class='active'><a>21898<\/a><\/li>\n\n\n\n<li><a href='?page_no=21899'>21899<\/a><\/li>\n\n\n\n<li><a href='?page_no=21900'>21900<\/a><\/li>\n\n\n\n<li><a>...<\/a><\/li>\n\n\n\n<li><a href='?page_no=51012'>51012<\/a><\/li>\n\n\n\n<li><a href='?page_no=51013'>51013<\/a><\/li>\n\n    \n\t\n\n<li >\n\t<a href='?page_no=21899'>Next<\/a>\n\t<\/li>\n\n\n    \n\n<li><a href='?page_no=51013'>Last &rsaquo;&rsaquo;<\/a><\/li>\n\n<\/ul>\n\n\n--><br \/>\n<\/body><\/p>\n","protected":false},"excerpt":{"rendered":"<p>CARACAS, 27 nov (Xinhua) &#8212; La ministra de Asuntos Exteriores de Venezuela, Delcy Rodr\u00edguez, felicit\u00f3 este viernes a Susana Malcorra por su designaci\u00f3n como canciller de Argentina en la nueva gesti\u00f3n presidencial, que iniciar\u00e1 el pr\u00f3ximo 10 de diciembre. Rodr\u00edguez apunt\u00f3 que reconoce el \u00abprofesionalismo\u00bb con el que trabaja Malcorra en aras de la \u00abunidad\u00bb [&hellip;]<\/p>\n","protected":false},"author":3,"featured_media":0,"comment_status":"open","ping_status":"open","sticky":false,"template":"","format":"standard","meta":{"footnotes":""},"categories":[23],"tags":[],"class_list":["post-252253","post","type-post","status-publish","format-standard","hentry","category-internacional"],"_links":{"self":[{"href":"https:\/\/diariodominicano.com\/index.php?rest_route=\/wp\/v2\/posts\/252253","targetHints":{"allow":["GET"]}}],"collection":[{"href":"https:\/\/diariodominicano.com\/index.php?rest_route=\/wp\/v2\/posts"}],"about":[{"href":"https:\/\/diariodominicano.com\/index.php?rest_route=\/wp\/v2\/types\/post"}],"author":[{"embeddable":true,"href":"https:\/\/diariodominicano.com\/index.php?rest_route=\/wp\/v2\/users\/3"}],"replies":[{"embeddable":true,"href":"https:\/\/diariodominicano.com\/index.php?rest_route=%2Fwp%2Fv2%2Fcomments&post=252253"}],"version-history":[{"count":0,"href":"https:\/\/diariodominicano.com\/index.php?rest_route=\/wp\/v2\/posts\/252253\/revisions"}],"wp:attachment":[{"href":"https:\/\/diariodominicano.com\/index.php?rest_route=%2Fwp%2Fv2%2Fmedia&parent=252253"}],"wp:term":[{"taxonomy":"category","embeddable":true,"href":"https:\/\/diariodominicano.com\/index.php?rest_route=%2Fwp%2Fv2%2Fcategories&post=252253"},{"taxonomy":"post_tag","embeddable":true,"href":"https:\/\/diariodominicano.com\/index.php?rest_route=%2Fwp%2Fv2%2Ftags&post=252253"}],"curies":[{"name":"wp","href":"https:\/\/api.w.org\/{rel}","templated":true}]}}