{"id":249713,"date":"2016-06-16T09:06:37","date_gmt":"2016-06-16T09:06:37","guid":{"rendered":"http:\/\/diariodominicano.ddns.net\/?p=249713"},"modified":"2025-12-29T01:03:38","modified_gmt":"2025-12-29T05:03:38","slug":"felap-destaca-trascendencia-de-prensa-latina-en-la-lucha-de-ideas","status":"publish","type":"post","link":"https:\/\/diariodominicano.com\/?p=249713","title":{"rendered":"Felap destaca trascendencia de Prensa Latina en la lucha de ideas"},"content":{"rendered":"<p><body><\/p>\n<p><span class=\"text1noticias\">Buenos Aires, 16 jun (PL) La Federaci\u00f3n Latinoamericana de Periodistas (Felap) destac\u00f3 hoy la trascendencia de Prensa Latina, al cumplir 57 a\u00f1os de fundada, en la lucha de las ideas frente a los grandes monopolios medi\u00e1ticos transnacionales.<\/span><\/p>\n<p><span class=\"text1noticias\"> <\/span><\/p>\n<p><span class=\"text1noticias\">\u00abLa fundaci\u00f3n de Prensa Latina permiti\u00f3 hacer realidad la idea visionaria de contar con una agencia de noticias que retratara la realidad de Am\u00e9rica Latina y el Caribe desde una perspectiva propia y no a trav\u00e9s del filtro monop\u00f3lico de las grandes corporaciones imperialistas\u00bb, estableci\u00f3 la entidad.<\/span><\/p>\n<p><span class=\"text1noticias\"> <\/span><\/p>\n<p><span class=\"text1noticias\">El presidente de la Felap, Juan Carlos Cama\u00f1o, y el secretario general, Nelson del Castillo, enviaron a trav\u00e9s del presidente de Prensa Latina, Luis Enrique Gonz\u00e1lez, su \u00abm\u00e1s calurosa felicitaci\u00f3n a los hombres y mujeres que hacen realidad el sue\u00f1o del l\u00edder hist\u00f3rico de la Revoluci\u00f3n Cubana, Fidel Castro, del Guerrillero Heroico Ernesto Che Guevara y del primer director general Jorge Ricardo Masetti\u00bb.<\/span><\/p>\n<p><span class=\"text1noticias\"> <\/span><\/p>\n<p><span class=\"text1noticias\">\u00abPrensa Latina naci\u00f3 de un compromiso con la verdad, reuniendo en su seno nombres que estuvieron en primera fila para cortar el paso a las mentiras que pretendieron destruir a la gloriosa Revoluci\u00f3n Cubana y sepultar en el silencio las luchas de nuestros pueblos por la libertad y la justicia social\u00bb, indicaron los directivos de la Felap.<\/span><\/p>\n<p><span class=\"text1noticias\"> <\/span><\/p>\n<p><span class=\"text1noticias\">Los dirigentes de la organizaci\u00f3n, que re\u00fane en su seno asociaciones, colegios y gremios period\u00edsticos en el continente americano, destacaron que la Operaci\u00f3n Verdad permiti\u00f3 que Prensa Latina tambi\u00e9n se convirtiera en difusora de la lucha de los pueblos del continente africano, siempre ignorada por los grandes medios, y de Asia.<\/span><\/p>\n<p><span class=\"text1noticias\"> <\/span><\/p>\n<p><span class=\"text1noticias\">\u00abNo estuvieron Prensa Latina ni sus corresponsales exentos de la persecuci\u00f3n de gobiernos represivos como tampoco del aislamiento a que la quisieron someter grandes diarios con agendas a favor de las pol\u00edticas imperiales que diseminaban la mentira y ocultaban la represi\u00f3n y los cr\u00edmenes de las tiran\u00edas\u00bb, dijo Cama\u00f1o.<\/span><\/p>\n<p><span class=\"text1noticias\"> <\/span><\/p>\n<p><span class=\"text1noticias\">La Felap, que naci\u00f3 hace 40 a\u00f1os como parte de un compromiso irrenunciable de un \u00abPeriodismo libre, en Patrias libres\u00bb, festeja junto a los colegas de Prensa Latina estos 57 a\u00f1os por llevar luz en medio de las tinieblas de los permanentes escamoteadores de la verdad, agreg\u00f3 Del Castillo.<\/span><\/p>\n<p><span class=\"text1noticias\"> <\/span><\/p>\n<p><span class=\"text1noticias\">Los dirigentes federativos expresaron que como periodistas latinoamericanos y caribe\u00f1os, \u00absentimos propios cada \u00e9xito que ha marcado Prensa Latina a trav\u00e9s de estos 57 a\u00f1os, superando duras condiciones, por lo que nos congratulamos junto a su ej\u00e9rcito de periodistas por el <\/span>mundo\u00bb.<\/p>\n<h6> 2016-06-16 09:06:37 <\/h6>\n<p><!--\n<link rel=\"stylesheet\" href=\"css\/bootstrap.min.css\">\n\n\n<ul class=\"pagination\">\n\t    \n\t\n\n<li >\n\t<a href='?page_no=19357'>Previous<\/a>\n\t<\/li>\n\n\n       \n    \n\n<li><a href='?page_no=1'>1<\/a><\/li>\n\n\n\n<li><a href='?page_no=2'>2<\/a><\/li>\n\n\n\n<li><a>...<\/a><\/li>\n\n\n\n<li><a href='?page_no=19356'>19356<\/a><\/li>\n\n\n\n<li><a href='?page_no=19357'>19357<\/a><\/li>\n\n\n\n<li class='active'><a>19358<\/a><\/li>\n\n\n\n<li><a href='?page_no=19359'>19359<\/a><\/li>\n\n\n\n<li><a href='?page_no=19360'>19360<\/a><\/li>\n\n\n\n<li><a>...<\/a><\/li>\n\n\n\n<li><a href='?page_no=51012'>51012<\/a><\/li>\n\n\n\n<li><a href='?page_no=51013'>51013<\/a><\/li>\n\n    \n\t\n\n<li >\n\t<a href='?page_no=19359'>Next<\/a>\n\t<\/li>\n\n\n    \n\n<li><a href='?page_no=51013'>Last &rsaquo;&rsaquo;<\/a><\/li>\n\n<\/ul>\n\n\n--><br \/>\n<\/body><\/p>\n","protected":false},"excerpt":{"rendered":"<p>Buenos Aires, 16 jun (PL) La Federaci\u00f3n Latinoamericana de Periodistas (Felap) destac\u00f3 hoy la trascendencia de Prensa Latina, al cumplir 57 a\u00f1os de fundada, en la lucha de las ideas frente a los grandes monopolios medi\u00e1ticos transnacionales. \u00abLa fundaci\u00f3n de Prensa Latina permiti\u00f3 hacer realidad la idea visionaria de contar con una agencia de noticias [&hellip;]<\/p>\n","protected":false},"author":3,"featured_media":0,"comment_status":"open","ping_status":"open","sticky":false,"template":"","format":"standard","meta":{"footnotes":""},"categories":[23],"tags":[3556],"class_list":["post-249713","post","type-post","status-publish","format-standard","hentry","category-internacional","tag-prensa-latina"],"_links":{"self":[{"href":"https:\/\/diariodominicano.com\/index.php?rest_route=\/wp\/v2\/posts\/249713","targetHints":{"allow":["GET"]}}],"collection":[{"href":"https:\/\/diariodominicano.com\/index.php?rest_route=\/wp\/v2\/posts"}],"about":[{"href":"https:\/\/diariodominicano.com\/index.php?rest_route=\/wp\/v2\/types\/post"}],"author":[{"embeddable":true,"href":"https:\/\/diariodominicano.com\/index.php?rest_route=\/wp\/v2\/users\/3"}],"replies":[{"embeddable":true,"href":"https:\/\/diariodominicano.com\/index.php?rest_route=%2Fwp%2Fv2%2Fcomments&post=249713"}],"version-history":[{"count":1,"href":"https:\/\/diariodominicano.com\/index.php?rest_route=\/wp\/v2\/posts\/249713\/revisions"}],"predecessor-version":[{"id":657355,"href":"https:\/\/diariodominicano.com\/index.php?rest_route=\/wp\/v2\/posts\/249713\/revisions\/657355"}],"wp:attachment":[{"href":"https:\/\/diariodominicano.com\/index.php?rest_route=%2Fwp%2Fv2%2Fmedia&parent=249713"}],"wp:term":[{"taxonomy":"category","embeddable":true,"href":"https:\/\/diariodominicano.com\/index.php?rest_route=%2Fwp%2Fv2%2Fcategories&post=249713"},{"taxonomy":"post_tag","embeddable":true,"href":"https:\/\/diariodominicano.com\/index.php?rest_route=%2Fwp%2Fv2%2Ftags&post=249713"}],"curies":[{"name":"wp","href":"https:\/\/api.w.org\/{rel}","templated":true}]}}