{"id":249680,"date":"2016-06-18T15:38:48","date_gmt":"2016-06-18T15:38:48","guid":{"rendered":"http:\/\/diariodominicano.ddns.net\/?p=249680"},"modified":"2016-06-18T15:38:48","modified_gmt":"2016-06-18T15:38:48","slug":"unasur-convoca-a-reunion-para-evaluar-proceso-de-dialogo-en-venezuela","status":"publish","type":"post","link":"https:\/\/diariodominicano.com\/?p=249680","title":{"rendered":"Unasur convoca a reuni\u00f3n para evaluar proceso de di\u00e1logo en Venezuela"},"content":{"rendered":"<p><body><\/p>\n<p><img decoding=\"async\" src=\"img3\/ven-reunion-unasur.jpg\" \/>  <\/p>\n<p><span class=\"text1noticias\"> <\/span><\/p>\n<p><span class=\"text1noticias\">  <\/span><\/p>\n<p><span class=\"text1noticias\">Quito, 18 jun (PL) La Secretar\u00eda General de la Uni\u00f3n de Naciones Suramericanas (Unasur) convoc\u00f3 hoy una reuni\u00f3n extraordinaria el pr\u00f3ximo 23 de junio en Ecuador para evaluar el avance del di\u00e1logo entre el gobierno y la oposici\u00f3n en Venezuela.<\/span><\/p>\n<\/p>\n<p><span class=\"text1noticias\">De acuerdo con un comunicado del organismo regional, el objetivo de la cita es encontrar las mejores soluciones para que los venezolanos resuelvan sus diferencias.<\/span><\/p>\n<\/p>\n<p><span class=\"text1noticias\">La reuni\u00f3n contar\u00e1 con la presencia de los expresidentes Jos\u00e9 Luis Rodr\u00edguez Zapatero, de Espa\u00f1a; Leonel Fern\u00e1ndez, de Rep\u00fablica Dominicana; y Mart\u00edn Torrijos, de Panam\u00e1, invitados por la Secretar\u00eda General de la Unasur para mediar en el di\u00e1logo nacional pactado.<\/span><\/p>\n<\/p>\n<p><span class=\"text1noticias\">El Consejo de Ministras y Ministros de Relaciones Exteriores de la Unasur realizar\u00e1 el encuentro en su sede en la Mitad del Mundo, complejo ubicado a 14 kil\u00f3metros al norte de esta capital.<\/span><\/p>\n<\/p>\n<p><span class=\"text1noticias\">La Unasur fue constituida en 2008 y la integran Argentina, Bolivia, Brasil, Chile, Colombia, Ecuador, Guyana, Paraguay, Per\u00fa, Suriname, Uruguay y Venezuela.<\/span><\/p>\n<\/p>\n<p><span class=\"text1noticias\">En un comunicado de la propia entidad regional publicado el pasado 7 de junio, la Unasur hizo un llamado a la oposici\u00f3n a reincorporarse lo antes posible al di\u00e1logo luego de haber faltado a una cita previamente concertada.<\/span><\/p>\n<\/p>\n<p><span class=\"text1noticias\">Unasur considera la continuidad del di\u00e1logo nacional como el \u00fanico camino que permitir\u00e1 reafirmar la paz, la convivencia y el di\u00e1logo, como mecanismos para el entendimiento entre los venezolanos, afirma el texto.<\/span><\/p>\n<h6> 2016-06-18 15:38:48 <\/h6>\n<p><!--\n<link rel=\"stylesheet\" href=\"css\/bootstrap.min.css\">\n\n\n<ul class=\"pagination\">\n\t    \n\t\n\n<li >\n\t<a href='?page_no=19324'>Previous<\/a>\n\t<\/li>\n\n\n       \n    \n\n<li><a href='?page_no=1'>1<\/a><\/li>\n\n\n\n<li><a href='?page_no=2'>2<\/a><\/li>\n\n\n\n<li><a>...<\/a><\/li>\n\n\n\n<li><a href='?page_no=19323'>19323<\/a><\/li>\n\n\n\n<li><a href='?page_no=19324'>19324<\/a><\/li>\n\n\n\n<li class='active'><a>19325<\/a><\/li>\n\n\n\n<li><a href='?page_no=19326'>19326<\/a><\/li>\n\n\n\n<li><a href='?page_no=19327'>19327<\/a><\/li>\n\n\n\n<li><a>...<\/a><\/li>\n\n\n\n<li><a href='?page_no=51012'>51012<\/a><\/li>\n\n\n\n<li><a href='?page_no=51013'>51013<\/a><\/li>\n\n    \n\t\n\n<li >\n\t<a href='?page_no=19326'>Next<\/a>\n\t<\/li>\n\n\n    \n\n<li><a href='?page_no=51013'>Last &rsaquo;&rsaquo;<\/a><\/li>\n\n<\/ul>\n\n\n--><br \/>\n<\/body><\/p>\n","protected":false},"excerpt":{"rendered":"<p>Quito, 18 jun (PL) La Secretar\u00eda General de la Uni\u00f3n de Naciones Suramericanas (Unasur) convoc\u00f3 hoy una reuni\u00f3n extraordinaria el pr\u00f3ximo 23 de junio en Ecuador para evaluar el avance del di\u00e1logo entre el gobierno y la oposici\u00f3n en Venezuela. De acuerdo con un comunicado del organismo regional, el objetivo de la cita es encontrar [&hellip;]<\/p>\n","protected":false},"author":3,"featured_media":0,"comment_status":"open","ping_status":"open","sticky":false,"template":"","format":"standard","meta":{"footnotes":""},"categories":[23],"tags":[],"class_list":["post-249680","post","type-post","status-publish","format-standard","hentry","category-internacional"],"_links":{"self":[{"href":"https:\/\/diariodominicano.com\/index.php?rest_route=\/wp\/v2\/posts\/249680","targetHints":{"allow":["GET"]}}],"collection":[{"href":"https:\/\/diariodominicano.com\/index.php?rest_route=\/wp\/v2\/posts"}],"about":[{"href":"https:\/\/diariodominicano.com\/index.php?rest_route=\/wp\/v2\/types\/post"}],"author":[{"embeddable":true,"href":"https:\/\/diariodominicano.com\/index.php?rest_route=\/wp\/v2\/users\/3"}],"replies":[{"embeddable":true,"href":"https:\/\/diariodominicano.com\/index.php?rest_route=%2Fwp%2Fv2%2Fcomments&post=249680"}],"version-history":[{"count":0,"href":"https:\/\/diariodominicano.com\/index.php?rest_route=\/wp\/v2\/posts\/249680\/revisions"}],"wp:attachment":[{"href":"https:\/\/diariodominicano.com\/index.php?rest_route=%2Fwp%2Fv2%2Fmedia&parent=249680"}],"wp:term":[{"taxonomy":"category","embeddable":true,"href":"https:\/\/diariodominicano.com\/index.php?rest_route=%2Fwp%2Fv2%2Fcategories&post=249680"},{"taxonomy":"post_tag","embeddable":true,"href":"https:\/\/diariodominicano.com\/index.php?rest_route=%2Fwp%2Fv2%2Ftags&post=249680"}],"curies":[{"name":"wp","href":"https:\/\/api.w.org\/{rel}","templated":true}]}}