{"id":249668,"date":"2016-06-19T01:32:25","date_gmt":"2016-06-19T01:32:25","guid":{"rendered":"http:\/\/diariodominicano.ddns.net\/?p=249668"},"modified":"2016-06-19T01:32:25","modified_gmt":"2016-06-19T01:32:25","slug":"ban-ki-moon-pide-en-grecia-el-cese-inmediato-de-la-detencion-de-migrantes","status":"publish","type":"post","link":"https:\/\/diariodominicano.com\/?p=249668","title":{"rendered":"&#13;Ban Ki-moon pide en Grecia el cese inmediato de la detenci\u00f3n de migrantes"},"content":{"rendered":"<p><body><\/p>\n<p><img decoding=\"async\" src=\"img3\/573365cbf8c9a3cd06b8a512d7aeb266925a8529.jpg\" \/><br \/><img decoding=\"async\" src=\"img3\/a4f37fa3c9f24c28ea219be0bf8bb589acc588ca.jpg\" \/>  <\/p>\n<p><strong>El secretario general de la ONU Ban Ki-moon pidi\u00f3 este s\u00e1bado desde Grecia que cese inmediatamente la detenci\u00f3n de migrantes, en un momento en que decenas de miles de personas est\u00e1n bloqueadas en el pa\u00eds, puerta de entrada a la Uni\u00f3n Europea.<\/strong><\/p>\n<\/p>\n<p>AFP \/ ANGELOS TZORTZINIS<\/p>\n<p>El secretario general de la ONU, Ban Ki-moon, toma en brazos a una ni\u00f1a durante su visita a un campo de refugiados de Kara Tepe, el 18 de junio de 2016 en Mitilene, capital de Lesbos<\/p>\n<p>El secretario general de la ONU Ban Ki-moon pidi\u00f3 este s\u00e1bado desde Grecia que cese inmediatamente la detenci\u00f3n de migrantes, en un momento en que decenas de miles de personas est\u00e1n bloqueadas en el pa\u00eds, puerta de entrada a la Uni\u00f3n Europea.<\/p>\n<p>Durante su visita a la isla de Lesbos, principal punto de entrada de los migrantes a Grecia, Ban inst\u00f3 a los europeos a responder a la crisis migratoria de \u00abmanera humana, inspirados en los derechos humanos\u00bb.<\/p>\n<p>Ban visit\u00f3 dos campos ubicados en la isla, que acogen a cerca de 3.400 personas, de las cuales la mayor parte est\u00e1n retenidas para ser luego enviadas a Turqu\u00eda, bajo los t\u00e9rminos del controvertido acuerdo entre Ankara y Bruselas.<\/p>\n<p>\u00abLa detenci\u00f3n no es la soluci\u00f3n, deber\u00eda cesar inmediatamente\u00bb, afirm\u00f3 Ban.<\/p>\n<p>\u00abYo reconozco las dificultades que hay pero el mundo tiene los recursos, la capacidad y el deber de enfrentar estos desaf\u00edos\u00bb, asegur\u00f3.<\/p>\n<p>En Atenas, el primer ministro heleno Alexis Tsipras le ofreci\u00f3 un chaleco salvavidas, \u00abun regalo simb\u00f3lico, recogido, como tantos otros, en las costas griegas\u00bb.<\/p>\n<\/p>\n<p>Eurokinissi\/AFP \/ Yorgos Kontarinis<\/p>\n<p>El secretario general de la ONU, Ban Ki-moon (i), se pone un chaleco salvavidas entregado como obsequio por el primer ministro de Grecia, Alexis Tsipras, el 18 de junio de 2016 en Atenas<\/p>\n<p>\u00abEs una herramienta de supervivencia para miles de refugiados que llegaron a las islas griegas atravesando el mar Egeo\u00bb, declar\u00f3 Tsipras entregando el obsequio a Ban Ki-moon.<\/p>\n<p>Este \u00faltimo, quien se puso el chaleco pero del rev\u00e9s para luego quit\u00e1rselo r\u00e1pidamente, asegur\u00f3 que se trata de \u00abun importante regalo\u00bb.<\/p>\n<p>Ban Ki-moon agradeci\u00f3 \u00abla notable solidaridad y hospitalidad (&#8230;) que han demostrado los griegos a la gente desesperada que huye de la guerra y las persecuciones\u00bb.<\/p>\n<p>\u00abPese a las dificultades financieras, Grecia ha sido generosa salvando la vida de muchos refugiados\u00bb record\u00f3 Ban, y subray\u00f3 que \u00abla comunidad internacional deber\u00eda apoyar a este pa\u00eds\u00bb.<\/p>\n<p>En Grecia, est\u00e1n bloqueados m\u00e1s de 50.000 migrantes en condiciones miserables, tras el cierre de las fronteras impuesto por los pa\u00edses vecinos.<\/p>\n<p>Despu\u00e9s de la evacuaci\u00f3n en mayo del campo improvisado de Idomeni en la frontera entre Grecia y Macedonia, el Consejo de Europa consider\u00f3 que los nuevos centros de acogida en el norte del pa\u00eds, donde fueron trasferidos numerosos migrantes, no permit\u00edan acogerlos en condiciones \u00abdecentes\u00bb.<\/p>\n<p>Ban dijo que la comunidad internacional tiene que trabajar m\u00e1s para resolver los conflictos, enfoc\u00e1ndose en los factores que son la causa de tanto sufrimiento y inestabilidad.<\/p>\n<p>\u00abTenemos que permanecer unidos frente al cierre de fronteras, las barreras y el fanatismo y tambi\u00e9n frente a los criminales y depredadores que trafican con seres humanos\u00bb, afirm\u00f3.<\/p>\n<p>&#8211; &#8216;Profundamente apenado&#8217; &#8211;<\/p>\n<p>M\u00e1s de 8.000 migrantes se encuentran detenidos en cinco islas griegas en virtud del acuerdo firmado el 20 de marzo, denunciado por numerosos oeneg\u00e9s, como Amnist\u00eda Internacional, y que ha dado lugar a numerosas protestas de los migrantes contra su retenci\u00f3n.<\/p>\n<p>El acuerdo entre la UE y Turqu\u00eda ha limitado considerablemente el n\u00famero de migrantes que llegan a las islas griegas desde las costas turcas. Tsipras pidi\u00f3 la contribuci\u00f3n de la ONU para su aplicaci\u00f3n.<\/p>\n<p>Lesbos espec\u00edficamente se convirti\u00f3 en la isla s\u00edmbolo de la entrada de migrantes en Europa el a\u00f1o pasado. Cerca de medio mill\u00f3n de refugiados llegaron a esta isla, de los cuales la mayor\u00eda logr\u00f3 llegar a pa\u00edses de Europa del norte antes del cierre en marzo de 2016 de la ruta migratoria de los Balcanes.<\/p>\n<p>\u00abEstas personas han soportado lo peor, pero la gente de Lesbos les est\u00e1 mostrando lo mejor, les han abierto sus hogares, sus corazones y sus billeteras para apoyar a los necesitados\u00bb, dijo durante su visita Ban.<\/p>\n<p>Muchas personalidades, l\u00edderes pol\u00edticos y religiosos, como el papa Francisco, as\u00ed como muchos artistas del mundo entero visitaron Lesbos en los \u00faltimos meses para rendir homenaje a centenares de ahogados en el mar Egeo y a la solidaridad de los griegos con los refugiados.<\/p>\n<p>Ban declar\u00f3 sentirse \u00abprofundamente apenado por el gran n\u00famero de (refugiados) muertos en el Mediterr\u00e1neo\u00bb, en especial entre \u00c1frica e Italia, ruta que se reabri\u00f3 tras la firma del acuerdo entre la UE y Turqu\u00eda.<\/p>\n<p>Desde principios de a\u00f1o, unas 2.510 personas murieron en el Mediterr\u00e1neo ?1.855 durante el mismo periodo (enero-mayo) de 2015? seg\u00fan la Organizaci\u00f3n Internacional para las Migraciones (OIM).<\/p>\n<h6> 2016-06-19 01:32:25 <\/h6>\n<p><!--\n<link rel=\"stylesheet\" href=\"css\/bootstrap.min.css\">\n\n\n<ul class=\"pagination\">\n\t    \n\t\n\n<li >\n\t<a href='?page_no=19312'>Previous<\/a>\n\t<\/li>\n\n\n       \n    \n\n<li><a href='?page_no=1'>1<\/a><\/li>\n\n\n\n<li><a href='?page_no=2'>2<\/a><\/li>\n\n\n\n<li><a>...<\/a><\/li>\n\n\n\n<li><a href='?page_no=19311'>19311<\/a><\/li>\n\n\n\n<li><a href='?page_no=19312'>19312<\/a><\/li>\n\n\n\n<li class='active'><a>19313<\/a><\/li>\n\n\n\n<li><a href='?page_no=19314'>19314<\/a><\/li>\n\n\n\n<li><a href='?page_no=19315'>19315<\/a><\/li>\n\n\n\n<li><a>...<\/a><\/li>\n\n\n\n<li><a href='?page_no=51012'>51012<\/a><\/li>\n\n\n\n<li><a href='?page_no=51013'>51013<\/a><\/li>\n\n    \n\t\n\n<li >\n\t<a href='?page_no=19314'>Next<\/a>\n\t<\/li>\n\n\n    \n\n<li><a href='?page_no=51013'>Last &rsaquo;&rsaquo;<\/a><\/li>\n\n<\/ul>\n\n\n--><br \/>\n<\/body><\/p>\n","protected":false},"excerpt":{"rendered":"<p>El secretario general de la ONU Ban Ki-moon pidi\u00f3 este s\u00e1bado desde Grecia que cese inmediatamente la detenci\u00f3n de migrantes, en un momento en que decenas de miles de personas est\u00e1n bloqueadas en el pa\u00eds, puerta de entrada a la Uni\u00f3n Europea. AFP \/ ANGELOS TZORTZINIS El secretario general de la ONU, Ban Ki-moon, toma [&hellip;]<\/p>\n","protected":false},"author":3,"featured_media":0,"comment_status":"open","ping_status":"open","sticky":false,"template":"","format":"standard","meta":{"footnotes":""},"categories":[23],"tags":[],"class_list":["post-249668","post","type-post","status-publish","format-standard","hentry","category-internacional"],"_links":{"self":[{"href":"https:\/\/diariodominicano.com\/index.php?rest_route=\/wp\/v2\/posts\/249668","targetHints":{"allow":["GET"]}}],"collection":[{"href":"https:\/\/diariodominicano.com\/index.php?rest_route=\/wp\/v2\/posts"}],"about":[{"href":"https:\/\/diariodominicano.com\/index.php?rest_route=\/wp\/v2\/types\/post"}],"author":[{"embeddable":true,"href":"https:\/\/diariodominicano.com\/index.php?rest_route=\/wp\/v2\/users\/3"}],"replies":[{"embeddable":true,"href":"https:\/\/diariodominicano.com\/index.php?rest_route=%2Fwp%2Fv2%2Fcomments&post=249668"}],"version-history":[{"count":0,"href":"https:\/\/diariodominicano.com\/index.php?rest_route=\/wp\/v2\/posts\/249668\/revisions"}],"wp:attachment":[{"href":"https:\/\/diariodominicano.com\/index.php?rest_route=%2Fwp%2Fv2%2Fmedia&parent=249668"}],"wp:term":[{"taxonomy":"category","embeddable":true,"href":"https:\/\/diariodominicano.com\/index.php?rest_route=%2Fwp%2Fv2%2Fcategories&post=249668"},{"taxonomy":"post_tag","embeddable":true,"href":"https:\/\/diariodominicano.com\/index.php?rest_route=%2Fwp%2Fv2%2Ftags&post=249668"}],"curies":[{"name":"wp","href":"https:\/\/api.w.org\/{rel}","templated":true}]}}