{"id":249661,"date":"2016-06-20T07:54:50","date_gmt":"2016-06-20T07:54:50","guid":{"rendered":"http:\/\/diariodominicano.ddns.net\/?p=249661"},"modified":"2016-06-20T07:54:50","modified_gmt":"2016-06-20T07:54:50","slug":"violencia-escala-en-conflicto-entre-maestros-y-gobierno-mexicano","status":"publish","type":"post","link":"https:\/\/diariodominicano.com\/?p=249661","title":{"rendered":"Violencia escala en conflicto entre maestros y gobierno mexicano"},"content":{"rendered":"<p><body><\/p>\n<p><span class=\"text1noticias\"> <\/span><\/p>\n<p><span class=\"text1noticias\">Por Orlando Oramas Leon<\/span><\/p>\n<p><span class=\"text1noticias\"> <\/span><\/p>\n<p><span class=\"text1noticias\">M\u00e9xico, 20 jun (PL) El conflicto entre sectores magisteriales opuestos a la reforma educativa gubernamental escala hoy en M\u00e9xico, luego de enfrentamientos la v\u00edspera en Oaxaca, con saldo de muertos y heridos.<\/span><\/p>\n<p><span class=\"text1noticias\"> <\/span><\/p>\n<p><span class=\"text1noticias\">Seg\u00fan conferencia de prensa aqu\u00ed de la Coordinadora Nacional de Trabajadores de la Educaci\u00f3n (CNTE), que lidera las protestas contra la reforma educativa, en los choques en Oaxaca, la v\u00edspera, saldado a tiros y enfrentamientos cuerpo a cuerpo con efectivos policiales federales y estatales, hubo al menos seis muertos y unos 60 lesionados.<\/span><\/p>\n<p><span class=\"text1noticias\"> <\/span><\/p>\n<p><span class=\"text1noticias\">El diario El Universal reporta que uno de los fallecidos es polic\u00eda. Su fuente es la Comisi\u00f3n Nacional de Seguridad, la cual afirm\u00f3 que los uniformados no portaban armas de fuego.<\/span><\/p>\n<p><span class=\"text1noticias\"> <\/span><\/p>\n<p><span class=\"text1noticias\">M\u00e1s all\u00e1 de los reportes de v\u00edctimas, todo parece indicar que el gobierno quiere poner orden por la fuerza, y los maestros insisten en sus propuestas, lo cual habla de un di\u00e1logo de sordos.<\/span><\/p>\n<p><span class=\"text1noticias\"> <\/span><\/p>\n<p><span class=\"text1noticias\">Los docentes de la CNTE reclaman una mesa de di\u00e1logo con las autoridades gubernamentales, quienes a su vez responden que para ello los maestros tendr\u00e1n que regresar a las aulas y a la implementaci\u00f3n de la reforma educativa, que es hoy ley del Congreso.<\/span><\/p>\n<p><span class=\"text1noticias\"> <\/span><\/p>\n<p><span class=\"text1noticias\">Durante una conferencia la v\u00edspera en esta capital dirigentes de la CNTE pidieron al gobierno cesar la represi\u00f3n contra los maestros disidentes, un reclamo que antes tuvo el apoyo de reconocidos intelectuales mexicanos.<\/span><\/p>\n<p><span class=\"text1noticias\"> <\/span><\/p>\n<p><span class=\"text1noticias\">El s\u00e1bado cientos de polic\u00edas federales y de Oaxaca lanzaron gases lacrim\u00f3genos y balas de goma contra manifestantes opuestos a la reforma educativa en ese estado al suroeste de aqu\u00ed.<\/span><\/p>\n<p><span class=\"text1noticias\"> <\/span><\/p>\n<p><span class=\"text1noticias\">Durante la propia jornada la capital mexicana fue escenario de una gran marcha de integrantes de la CNTE, quienes se replegaron ante la fuerte barrera policial que les impidi\u00f3 llegar al Z\u00f3calo, centro hist\u00f3rico de la capital, y donde radican el Palacio Nacional y la sede del gobierno ca<\/span>pitalino.<\/p>\n<h6> 2016-06-20 07:54:50 <\/h6>\n<p><!--\n<link rel=\"stylesheet\" href=\"css\/bootstrap.min.css\">\n\n\n<ul class=\"pagination\">\n\t    \n\t\n\n<li >\n\t<a href='?page_no=19305'>Previous<\/a>\n\t<\/li>\n\n\n       \n    \n\n<li><a href='?page_no=1'>1<\/a><\/li>\n\n\n\n<li><a href='?page_no=2'>2<\/a><\/li>\n\n\n\n<li><a>...<\/a><\/li>\n\n\n\n<li><a href='?page_no=19304'>19304<\/a><\/li>\n\n\n\n<li><a href='?page_no=19305'>19305<\/a><\/li>\n\n\n\n<li class='active'><a>19306<\/a><\/li>\n\n\n\n<li><a href='?page_no=19307'>19307<\/a><\/li>\n\n\n\n<li><a href='?page_no=19308'>19308<\/a><\/li>\n\n\n\n<li><a>...<\/a><\/li>\n\n\n\n<li><a href='?page_no=51012'>51012<\/a><\/li>\n\n\n\n<li><a href='?page_no=51013'>51013<\/a><\/li>\n\n    \n\t\n\n<li >\n\t<a href='?page_no=19307'>Next<\/a>\n\t<\/li>\n\n\n    \n\n<li><a href='?page_no=51013'>Last &rsaquo;&rsaquo;<\/a><\/li>\n\n<\/ul>\n\n\n--><br \/>\n<\/body><\/p>\n","protected":false},"excerpt":{"rendered":"<p>Por Orlando Oramas Leon M\u00e9xico, 20 jun (PL) El conflicto entre sectores magisteriales opuestos a la reforma educativa gubernamental escala hoy en M\u00e9xico, luego de enfrentamientos la v\u00edspera en Oaxaca, con saldo de muertos y heridos. Seg\u00fan conferencia de prensa aqu\u00ed de la Coordinadora Nacional de Trabajadores de la Educaci\u00f3n (CNTE), que lidera las protestas [&hellip;]<\/p>\n","protected":false},"author":3,"featured_media":0,"comment_status":"open","ping_status":"open","sticky":false,"template":"","format":"standard","meta":{"footnotes":""},"categories":[23],"tags":[],"class_list":["post-249661","post","type-post","status-publish","format-standard","hentry","category-internacional"],"_links":{"self":[{"href":"https:\/\/diariodominicano.com\/index.php?rest_route=\/wp\/v2\/posts\/249661","targetHints":{"allow":["GET"]}}],"collection":[{"href":"https:\/\/diariodominicano.com\/index.php?rest_route=\/wp\/v2\/posts"}],"about":[{"href":"https:\/\/diariodominicano.com\/index.php?rest_route=\/wp\/v2\/types\/post"}],"author":[{"embeddable":true,"href":"https:\/\/diariodominicano.com\/index.php?rest_route=\/wp\/v2\/users\/3"}],"replies":[{"embeddable":true,"href":"https:\/\/diariodominicano.com\/index.php?rest_route=%2Fwp%2Fv2%2Fcomments&post=249661"}],"version-history":[{"count":0,"href":"https:\/\/diariodominicano.com\/index.php?rest_route=\/wp\/v2\/posts\/249661\/revisions"}],"wp:attachment":[{"href":"https:\/\/diariodominicano.com\/index.php?rest_route=%2Fwp%2Fv2%2Fmedia&parent=249661"}],"wp:term":[{"taxonomy":"category","embeddable":true,"href":"https:\/\/diariodominicano.com\/index.php?rest_route=%2Fwp%2Fv2%2Fcategories&post=249661"},{"taxonomy":"post_tag","embeddable":true,"href":"https:\/\/diariodominicano.com\/index.php?rest_route=%2Fwp%2Fv2%2Ftags&post=249661"}],"curies":[{"name":"wp","href":"https:\/\/api.w.org\/{rel}","templated":true}]}}