{"id":249658,"date":"2016-06-20T08:33:31","date_gmt":"2016-06-20T08:33:31","guid":{"rendered":"http:\/\/diariodominicano.ddns.net\/?p=249658"},"modified":"2016-06-20T08:33:31","modified_gmt":"2016-06-20T08:33:31","slug":"ocho-muertos-en-explosion-en-norte-de-afganistan","status":"publish","type":"post","link":"https:\/\/diariodominicano.com\/?p=249658","title":{"rendered":"Ocho muertos en explosi\u00f3n en norte de Afganist\u00e1n"},"content":{"rendered":"<p><body><\/p>\n<p><span class=\"text1noticias\">FAIZABAD, Afganist\u00e1n, 20 jun (Xinhua) &#8212; Al menos ocho personas murieron y otras 15 resultaron heridas en un ataque con bomba ocurrido este lunes en la provincia septentrional afgana de Badakhshan, inform\u00f3 un funcionario local.<\/span><\/p>\n<p><span class=\"text1noticias\"> <\/span><\/p>\n<p><span class=\"text1noticias\">     \u00abLa explosi\u00f3n arras\u00f3 la plaza principal del distrito de Kishim aproximadamente a las 09:30 hora local. Seg\u00fan las informaciones iniciales, ocho personas murieron y 15 resultaron heridas, aunque la cifra de las v\u00edctimas podr\u00eda aumentar\u00bb, afirm\u00f3 a Xinhua el vocero del gobierno provincial, Nawid Froutan.<\/span><\/p>\n<p><span class=\"text1noticias\"> <\/span><\/p>\n<p><span class=\"text1noticias\">     No se conoce por el momento la naturaleza de la explosi\u00f3n.<\/span><\/p>\n<p><span class=\"text1noticias\"> <\/span><\/p>\n<p><span class=\"text1noticias\">     Sin embargo, fuentes no gubernamentales dijeron que el n\u00famero de v\u00edctimas es de 40 y que el objetivo del ataque fue una unidad de la Polic\u00eda Local de Afganist\u00e1n que pasaban por el \u00e1rea.<\/span><\/p>\n<p><span class=\"text1noticias\"> <\/span><\/p>\n<p><span class=\"text1noticias\">     Es el tercer ataque con bomba en las \u00faltimas 24 horas en el pa\u00eds asi\u00e1tico.<\/span><\/p>\n<p><span class=\"text1noticias\"> <\/span><\/p>\n<p><span class=\"text1noticias\">     Las tropas gubernamentales acordonaron el lugar poco despu\u00e9s de la explosi\u00f3n y mantuvieron a la gente alejada por temor a un segundo estallido.<\/span><\/p>\n<p><span class=\"text1noticias\"> <\/span><\/p>\n<p><span class=\"text1noticias\">     Ning\u00fan grupo ha reivindicado todav\u00eda la responsabilidad del at<\/span>aque. <\/p>\n<h6> 2016-06-20 08:33:31 <\/h6>\n<p><!--\n<link rel=\"stylesheet\" href=\"css\/bootstrap.min.css\">\n\n\n<ul class=\"pagination\">\n\t    \n\t\n\n<li >\n\t<a href='?page_no=19302'>Previous<\/a>\n\t<\/li>\n\n\n       \n    \n\n<li><a href='?page_no=1'>1<\/a><\/li>\n\n\n\n<li><a href='?page_no=2'>2<\/a><\/li>\n\n\n\n<li><a>...<\/a><\/li>\n\n\n\n<li><a href='?page_no=19301'>19301<\/a><\/li>\n\n\n\n<li><a href='?page_no=19302'>19302<\/a><\/li>\n\n\n\n<li class='active'><a>19303<\/a><\/li>\n\n\n\n<li><a href='?page_no=19304'>19304<\/a><\/li>\n\n\n\n<li><a href='?page_no=19305'>19305<\/a><\/li>\n\n\n\n<li><a>...<\/a><\/li>\n\n\n\n<li><a href='?page_no=51012'>51012<\/a><\/li>\n\n\n\n<li><a href='?page_no=51013'>51013<\/a><\/li>\n\n    \n\t\n\n<li >\n\t<a href='?page_no=19304'>Next<\/a>\n\t<\/li>\n\n\n    \n\n<li><a href='?page_no=51013'>Last &rsaquo;&rsaquo;<\/a><\/li>\n\n<\/ul>\n\n\n--><br \/>\n<\/body><\/p>\n","protected":false},"excerpt":{"rendered":"<p>FAIZABAD, Afganist\u00e1n, 20 jun (Xinhua) &#8212; Al menos ocho personas murieron y otras 15 resultaron heridas en un ataque con bomba ocurrido este lunes en la provincia septentrional afgana de Badakhshan, inform\u00f3 un funcionario local. \u00abLa explosi\u00f3n arras\u00f3 la plaza principal del distrito de Kishim aproximadamente a las 09:30 hora local. Seg\u00fan las informaciones iniciales, [&hellip;]<\/p>\n","protected":false},"author":3,"featured_media":0,"comment_status":"open","ping_status":"open","sticky":false,"template":"","format":"standard","meta":{"footnotes":""},"categories":[23],"tags":[],"class_list":["post-249658","post","type-post","status-publish","format-standard","hentry","category-internacional"],"_links":{"self":[{"href":"https:\/\/diariodominicano.com\/index.php?rest_route=\/wp\/v2\/posts\/249658","targetHints":{"allow":["GET"]}}],"collection":[{"href":"https:\/\/diariodominicano.com\/index.php?rest_route=\/wp\/v2\/posts"}],"about":[{"href":"https:\/\/diariodominicano.com\/index.php?rest_route=\/wp\/v2\/types\/post"}],"author":[{"embeddable":true,"href":"https:\/\/diariodominicano.com\/index.php?rest_route=\/wp\/v2\/users\/3"}],"replies":[{"embeddable":true,"href":"https:\/\/diariodominicano.com\/index.php?rest_route=%2Fwp%2Fv2%2Fcomments&post=249658"}],"version-history":[{"count":0,"href":"https:\/\/diariodominicano.com\/index.php?rest_route=\/wp\/v2\/posts\/249658\/revisions"}],"wp:attachment":[{"href":"https:\/\/diariodominicano.com\/index.php?rest_route=%2Fwp%2Fv2%2Fmedia&parent=249658"}],"wp:term":[{"taxonomy":"category","embeddable":true,"href":"https:\/\/diariodominicano.com\/index.php?rest_route=%2Fwp%2Fv2%2Fcategories&post=249658"},{"taxonomy":"post_tag","embeddable":true,"href":"https:\/\/diariodominicano.com\/index.php?rest_route=%2Fwp%2Fv2%2Ftags&post=249658"}],"curies":[{"name":"wp","href":"https:\/\/api.w.org\/{rel}","templated":true}]}}