{"id":249656,"date":"2016-06-20T08:44:17","date_gmt":"2016-06-20T08:44:17","guid":{"rendered":"http:\/\/diariodominicano.ddns.net\/?p=249656"},"modified":"2016-06-20T08:44:17","modified_gmt":"2016-06-20T08:44:17","slug":"comite-de-descolonizacion-de-onu-analiza-situacion-puerto-rico","status":"publish","type":"post","link":"https:\/\/diariodominicano.com\/?p=249656","title":{"rendered":"Comit\u00e9 de Descolonizaci\u00f3n de ONU analiza situaci\u00f3n Puerto Rico"},"content":{"rendered":"<p><body><\/p>\n<p><img decoding=\"async\" src=\"img3\/puerto-rico20-6.jpg\" \/>  <\/p>\n<p><span class=\"text1noticias\"> <\/span><\/p>\n<p><span class=\"text1noticias\">Naciones Unidas, 20 jun (PL) El Comit\u00e9 Especial de Descolonizaci\u00f3n de Naciones Unidas analiza hoy la situaci\u00f3n de Puerto Rico, naci\u00f3n caribe\u00f1a sometida a cinco siglos de dominaci\u00f3n extranjera, los \u00faltimos 118 a\u00f1os por Estados Unidos.<\/span><\/p>\n<p><span class=\"text1noticias\"> <\/span><\/p>\n<p><span class=\"text1noticias\">Se espera que el \u00f3rgano establecido por la Asamblea General de la ONU en 1961, con el objetivo de erradicar el flagelo del colonialismo, adopte una nueva resoluci\u00f3n que ratifique el derecho de la isla a la autodeterminaci\u00f3n y la independencia.<\/span><\/p>\n<p><span class=\"text1noticias\"> <\/span><\/p>\n<p><span class=\"text1noticias\">Presentado por Cuba, con el copatrocinio de Bolivia, Ecuador, Nicaragua, Rusia, Siria y Venezuela, el texto demanda una vez m\u00e1s a Washington asumir su responsabilidad y permitir que el pueblo boricua ejerza plenamente esas prerrogativas.<\/span><\/p>\n<p><span class=\"text1noticias\"> <\/span><\/p>\n<p><span class=\"text1noticias\">El Comit\u00e9 integrado por 29 pa\u00edses ha adoptado 34 resoluciones similares, todas ignoradas por Estados Unidos, que en 1953 asegur\u00f3 a la ONU que los boricuas hab\u00edan alcanzado la autonom\u00eda.<\/span><\/p>\n<p><span class=\"text1noticias\"> <\/span><\/p>\n<p><span class=\"text1noticias\">En la jornada de hoy, el \u00f3rgano presidido por el embajador venezolano Rafael Ram\u00edrez escucha los argumentos de diversos dirigentes pol\u00edticos puertorrique\u00f1os, entre ellos el gobernador Alejandro Garc\u00eda Padilla, quien comparecer\u00e1 por primera vez ante el foro.<\/span><\/p>\n<p><span class=\"text1noticias\"> <\/span><\/p>\n<p><span class=\"text1noticias\">La sesi\u00f3n del Comit\u00e9 Especial de Descolonizaci\u00f3n de Naciones Unidas transcurre en un complejo escenario para la isla caribe\u00f1a, sumida en una aguda crisis econ\u00f3mica, la existencia de una deuda de m\u00e1s de 70 mil millones de d\u00f3lares y la imposici\u00f3n de una junta de supervisi\u00f3n fiscal por el Congreso norteamer<\/span>icano.<\/p>\n<h6> 2016-06-20 08:44:17 <\/h6>\n<p><!--\n<link rel=\"stylesheet\" href=\"css\/bootstrap.min.css\">\n\n\n<ul class=\"pagination\">\n\t    \n\t\n\n<li >\n\t<a href='?page_no=19300'>Previous<\/a>\n\t<\/li>\n\n\n       \n    \n\n<li><a href='?page_no=1'>1<\/a><\/li>\n\n\n\n<li><a href='?page_no=2'>2<\/a><\/li>\n\n\n\n<li><a>...<\/a><\/li>\n\n\n\n<li><a href='?page_no=19299'>19299<\/a><\/li>\n\n\n\n<li><a href='?page_no=19300'>19300<\/a><\/li>\n\n\n\n<li class='active'><a>19301<\/a><\/li>\n\n\n\n<li><a href='?page_no=19302'>19302<\/a><\/li>\n\n\n\n<li><a href='?page_no=19303'>19303<\/a><\/li>\n\n\n\n<li><a>...<\/a><\/li>\n\n\n\n<li><a href='?page_no=51012'>51012<\/a><\/li>\n\n\n\n<li><a href='?page_no=51013'>51013<\/a><\/li>\n\n    \n\t\n\n<li >\n\t<a href='?page_no=19302'>Next<\/a>\n\t<\/li>\n\n\n    \n\n<li><a href='?page_no=51013'>Last &rsaquo;&rsaquo;<\/a><\/li>\n\n<\/ul>\n\n\n--><br \/>\n<\/body><\/p>\n","protected":false},"excerpt":{"rendered":"<p>Naciones Unidas, 20 jun (PL) El Comit\u00e9 Especial de Descolonizaci\u00f3n de Naciones Unidas analiza hoy la situaci\u00f3n de Puerto Rico, naci\u00f3n caribe\u00f1a sometida a cinco siglos de dominaci\u00f3n extranjera, los \u00faltimos 118 a\u00f1os por Estados Unidos. Se espera que el \u00f3rgano establecido por la Asamblea General de la ONU en 1961, con el objetivo de [&hellip;]<\/p>\n","protected":false},"author":3,"featured_media":0,"comment_status":"open","ping_status":"open","sticky":false,"template":"","format":"standard","meta":{"footnotes":""},"categories":[23],"tags":[],"class_list":["post-249656","post","type-post","status-publish","format-standard","hentry","category-internacional"],"_links":{"self":[{"href":"https:\/\/diariodominicano.com\/index.php?rest_route=\/wp\/v2\/posts\/249656","targetHints":{"allow":["GET"]}}],"collection":[{"href":"https:\/\/diariodominicano.com\/index.php?rest_route=\/wp\/v2\/posts"}],"about":[{"href":"https:\/\/diariodominicano.com\/index.php?rest_route=\/wp\/v2\/types\/post"}],"author":[{"embeddable":true,"href":"https:\/\/diariodominicano.com\/index.php?rest_route=\/wp\/v2\/users\/3"}],"replies":[{"embeddable":true,"href":"https:\/\/diariodominicano.com\/index.php?rest_route=%2Fwp%2Fv2%2Fcomments&post=249656"}],"version-history":[{"count":0,"href":"https:\/\/diariodominicano.com\/index.php?rest_route=\/wp\/v2\/posts\/249656\/revisions"}],"wp:attachment":[{"href":"https:\/\/diariodominicano.com\/index.php?rest_route=%2Fwp%2Fv2%2Fmedia&parent=249656"}],"wp:term":[{"taxonomy":"category","embeddable":true,"href":"https:\/\/diariodominicano.com\/index.php?rest_route=%2Fwp%2Fv2%2Fcategories&post=249656"},{"taxonomy":"post_tag","embeddable":true,"href":"https:\/\/diariodominicano.com\/index.php?rest_route=%2Fwp%2Fv2%2Ftags&post=249656"}],"curies":[{"name":"wp","href":"https:\/\/api.w.org\/{rel}","templated":true}]}}