{"id":249655,"date":"2016-06-20T08:56:29","date_gmt":"2016-06-20T08:56:29","guid":{"rendered":"http:\/\/diariodominicano.ddns.net\/?p=249655"},"modified":"2016-06-20T08:56:29","modified_gmt":"2016-06-20T08:56:29","slug":"venezuela-exige-renuncia-del-secretario-general-de-la-oea","status":"publish","type":"post","link":"https:\/\/diariodominicano.com\/?p=249655","title":{"rendered":"Venezuela exige renuncia del Secretario General de la OEA"},"content":{"rendered":"<p><body><\/p>\n<p><img decoding=\"async\" src=\"img3\/Almagro-maduro20-6.jpg\" \/>  <\/p>\n<p><span class=\"text1noticias\">Caracas, 20 jun (PL) La canciller venezolana, Delcy Rodr\u00edguez, solicit\u00f3 la pronta dimisi\u00f3n de Luis Almagro, Secretario General de la Organizaci\u00f3n de Estados Americanos (OEA), destacan hoy varios medios de prensa nacionales.<\/span><\/p>\n<p><span class=\"text1noticias\"> <\/span><\/p>\n<p><span class=\"text1noticias\">Venezuela exige la renuncia inmediata de @Almagro_OEA2015 ante sus ataques persistentes al pa\u00eds, en franca violaci\u00f3n a la Carta OEA, escribi\u00f3 la Canciller en su cuenta @DrodriguezVen en la red social Twitter.<\/span><\/p>\n<p><span class=\"text1noticias\"> <\/span><\/p>\n<p><span class=\"text1noticias\">Rodr\u00edguez acus\u00f3 al pol\u00edtico uruguayo de ignorar las decisiones del organismo interamericano, carecer de equilibrio en su gesti\u00f3n y desestimar el llamado del Gobierno del pa\u00eds suramericano, para que reconduzca su proceder respecto al proceso revolucionario bolivariano.<\/span><\/p>\n<p><span class=\"text1noticias\"> <\/span><\/p>\n<p><span class=\"text1noticias\">El Sr @Almagro_OEA2015 desatiende evaluaci\u00f3n de su gesti\u00f3n en la 46 Asamblea General OEA, por falta de equilibrio e imparcialidad, agreg\u00f3 la canciller en otro tuit.<\/span><\/p>\n<p><span class=\"text1noticias\"> <\/span><\/p>\n<p><span class=\"text1noticias\">Asimismo, asegur\u00f3 que \u00abdeclara y act\u00faa como un activista de la oposici\u00f3n extrema y antidemocr\u00e1tica. Persiste en sus ataques al Gobierno\u00bb.<\/span><\/p>\n<p><span class=\"text1noticias\"> <\/span><\/p>\n<p><span class=\"text1noticias\">Con 19 votos a favor, 12 en contra, una abstenci\u00f3n y dos ausencias, la OEA decidi\u00f3 el 15 de junio que su Consejo Permanente evaluara la actuaci\u00f3n del secretario general del bloque continental, lo cual fue considerado por la canciller Rodr\u00edguez como \u00abhist\u00f3rico\u00bb.<\/span><\/p>\n<p><span class=\"text1noticias\"> <\/span><\/p>\n<p><span class=\"text1noticias\">El Consejo tiene previsto reunirse el 23 de junio pr\u00f3ximo en su sede en Washington, Estados Unidos, para analizar un informe presentado en mayo por Almagro, quien pretende aplicar la Carta Democr\u00e1tica Interamericana en Venezuela.<\/span><\/p>\n<p><span class=\"text1noticias\"> <\/span><\/p>\n<p><span class=\"text1noticias\">Este instrumento, aprobado el 11 de septiembre de 2001, tiene el objetivo de preservar la institucionalidad y establece la separaci\u00f3n de las instancias de la OEA del Estado que viole sus preceptos.<\/span><\/p>\n<p><span class=\"text1noticias\"> <\/span><\/p>\n<p><span class=\"text1noticias\">En ese propio encuentro del jueves venidero, los cancilleres de los pa\u00edses miembros podr\u00e1n convocar a un periodo extraordinario de sesiones para evaluar una eventual suspensi\u00f3n de la naci\u00f3n suramericana.<\/span><\/p>\n<p><span class=\"text1noticias\"> <\/span><\/p>\n<p><span class=\"text1noticias\">No obstante, por solicitud del gobierno de Caracas, se realizar\u00e1 una reuni\u00f3n previa ma\u00f1ana 21 de junio para escuchar al expresidente del gobierno espa\u00f1ol Jos\u00e9 Luis Rodr\u00edguez Zapatero, y a los exmandatarios Leonel Fern\u00e1ndez de Rep\u00fablica Dominicana y Mart\u00edn Torrijos de Panam\u00e1 acerca de sus gestiones de mediaci\u00f3n entre el gobierno de Maduro y la oposici\u00f3n.<\/span><\/p>\n<p><span class=\"text1noticias\"> <\/span><\/p>\n<p><span class=\"text1noticias\">Los tres exgobernantes han dialogado durante el \u00faltimo mes con representantes de las organizaciones opositoras y el Gobierno, en el inicio de un camino para intentar establecer una mesa de negociaci\u00f3n, por iniciativa de la Uni\u00f3n de Naciones Sura<\/span>mericanas.<\/p>\n<h6> 2016-06-20 08:56:29 <\/h6>\n<p><!--\n<link rel=\"stylesheet\" href=\"css\/bootstrap.min.css\">\n\n\n<ul class=\"pagination\">\n\t    \n\t\n\n<li >\n\t<a href='?page_no=19299'>Previous<\/a>\n\t<\/li>\n\n\n       \n    \n\n<li><a href='?page_no=1'>1<\/a><\/li>\n\n\n\n<li><a href='?page_no=2'>2<\/a><\/li>\n\n\n\n<li><a>...<\/a><\/li>\n\n\n\n<li><a href='?page_no=19298'>19298<\/a><\/li>\n\n\n\n<li><a href='?page_no=19299'>19299<\/a><\/li>\n\n\n\n<li class='active'><a>19300<\/a><\/li>\n\n\n\n<li><a href='?page_no=19301'>19301<\/a><\/li>\n\n\n\n<li><a href='?page_no=19302'>19302<\/a><\/li>\n\n\n\n<li><a>...<\/a><\/li>\n\n\n\n<li><a href='?page_no=51012'>51012<\/a><\/li>\n\n\n\n<li><a href='?page_no=51013'>51013<\/a><\/li>\n\n    \n\t\n\n<li >\n\t<a href='?page_no=19301'>Next<\/a>\n\t<\/li>\n\n\n    \n\n<li><a href='?page_no=51013'>Last &rsaquo;&rsaquo;<\/a><\/li>\n\n<\/ul>\n\n\n--><br \/>\n<\/body><\/p>\n","protected":false},"excerpt":{"rendered":"<p>Caracas, 20 jun (PL) La canciller venezolana, Delcy Rodr\u00edguez, solicit\u00f3 la pronta dimisi\u00f3n de Luis Almagro, Secretario General de la Organizaci\u00f3n de Estados Americanos (OEA), destacan hoy varios medios de prensa nacionales. Venezuela exige la renuncia inmediata de @Almagro_OEA2015 ante sus ataques persistentes al pa\u00eds, en franca violaci\u00f3n a la Carta OEA, escribi\u00f3 la Canciller [&hellip;]<\/p>\n","protected":false},"author":3,"featured_media":0,"comment_status":"open","ping_status":"open","sticky":false,"template":"","format":"standard","meta":{"footnotes":""},"categories":[23],"tags":[],"class_list":["post-249655","post","type-post","status-publish","format-standard","hentry","category-internacional"],"_links":{"self":[{"href":"https:\/\/diariodominicano.com\/index.php?rest_route=\/wp\/v2\/posts\/249655","targetHints":{"allow":["GET"]}}],"collection":[{"href":"https:\/\/diariodominicano.com\/index.php?rest_route=\/wp\/v2\/posts"}],"about":[{"href":"https:\/\/diariodominicano.com\/index.php?rest_route=\/wp\/v2\/types\/post"}],"author":[{"embeddable":true,"href":"https:\/\/diariodominicano.com\/index.php?rest_route=\/wp\/v2\/users\/3"}],"replies":[{"embeddable":true,"href":"https:\/\/diariodominicano.com\/index.php?rest_route=%2Fwp%2Fv2%2Fcomments&post=249655"}],"version-history":[{"count":0,"href":"https:\/\/diariodominicano.com\/index.php?rest_route=\/wp\/v2\/posts\/249655\/revisions"}],"wp:attachment":[{"href":"https:\/\/diariodominicano.com\/index.php?rest_route=%2Fwp%2Fv2%2Fmedia&parent=249655"}],"wp:term":[{"taxonomy":"category","embeddable":true,"href":"https:\/\/diariodominicano.com\/index.php?rest_route=%2Fwp%2Fv2%2Fcategories&post=249655"},{"taxonomy":"post_tag","embeddable":true,"href":"https:\/\/diariodominicano.com\/index.php?rest_route=%2Fwp%2Fv2%2Ftags&post=249655"}],"curies":[{"name":"wp","href":"https:\/\/api.w.org\/{rel}","templated":true}]}}