{"id":249653,"date":"2016-06-20T10:06:43","date_gmt":"2016-06-20T10:06:43","guid":{"rendered":"http:\/\/diariodominicano.ddns.net\/?p=249653"},"modified":"2016-06-20T10:06:43","modified_gmt":"2016-06-20T10:06:43","slug":"cifra-de-muertos-aumenta-a-47-por-inundaciones-y-aludes-de-tierra-en-indonesia","status":"publish","type":"post","link":"https:\/\/diariodominicano.com\/?p=249653","title":{"rendered":"Cifra de muertos aumenta a 47 por inundaciones y aludes de tierra en Indonesia"},"content":{"rendered":"<p><body><\/p>\n<p><span class=\"text1noticias\"> YAKARTA, 20 jun (Xinhua) &#8212; La cifra de muertos por las inundaciones y desprendimientos de tierra en la provincia de Java Central, en el oeste de Indonesia, ha aumentado a 47, adem\u00e1s se han reportado 15 desaparecidos, se\u00f1al\u00f3 hoy un alto funcionario de la agencia de manejo de desastres.<\/span><\/p>\n<p><span class=\"text1noticias\"> <\/span><\/p>\n<p><span class=\"text1noticias\">     La operaci\u00f3n de b\u00fasqueda y rescate fue desafiada por la condici\u00f3n inestable del suelo y por el potencial de lluvias, dijo el vocero de la Agencia Nacional de Manejo de Desastres, Sutopo Purwo Nugroho.<\/span><\/p>\n<p><span class=\"text1noticias\"> <\/span><\/p>\n<p><span class=\"text1noticias\">     Debido a esas condiciones, se recomend\u00f3 a las comunidades mantenerse en alerta, dijo Sutopo a Xinhua v\u00eda telef\u00f3nica.<\/span><\/p>\n<p><span class=\"text1noticias\"> <\/span><\/p>\n<p><span class=\"text1noticias\">     La operaci\u00f3n de b\u00fasqueda y rescate continuar\u00e1 llev\u00e1ndose a cabo  durante los pr\u00f3ximos siete d\u00edas, a\u00f1adi\u00f3 el funcionario.<\/span><\/p>\n<p><span class=\"text1noticias\"> <\/span><\/p>\n<p><span class=\"text1noticias\">     La agencia inform\u00f3 que el desastre natural tambi\u00e9n dej\u00f3 a 14 personas con heridas graves y cientos de casas muy da\u00f1adas.<\/span><\/p>\n<p><span class=\"text1noticias\"> <\/span><\/p>\n<p><span class=\"text1noticias\">     Los distritos de Purworejo, Banjarnegara y Kebumen son las \u00e1reas m\u00e1s afectadas, la mayor\u00eda de las v\u00edctimas tuvieron lugar all\u00ed, dijo Sutopo.<\/span><\/p>\n<p><span class=\"text1noticias\"> <\/span><\/p>\n<p><span class=\"text1noticias\">     El vocero agreg\u00f3 que 16 distritos y ciudades han sido afectados por los desastres desde el s\u00e1bado luego de horas de precipitaciones.<\/span><\/p>\n<p><span class=\"text1noticias\"> <\/span><\/p>\n<p><span class=\"text1noticias\">     Indonesia es azotada frecuentemente por inundaciones y desprendimientos de tierra durante las lluvias int<\/span>ensas. <\/p>\n<h6> 2016-06-20 10:06:43 <\/h6>\n<p><!--\n<link rel=\"stylesheet\" href=\"css\/bootstrap.min.css\">\n\n\n<ul class=\"pagination\">\n\t    \n\t\n\n<li >\n\t<a href='?page_no=19297'>Previous<\/a>\n\t<\/li>\n\n\n       \n    \n\n<li><a href='?page_no=1'>1<\/a><\/li>\n\n\n\n<li><a href='?page_no=2'>2<\/a><\/li>\n\n\n\n<li><a>...<\/a><\/li>\n\n\n\n<li><a href='?page_no=19296'>19296<\/a><\/li>\n\n\n\n<li><a href='?page_no=19297'>19297<\/a><\/li>\n\n\n\n<li class='active'><a>19298<\/a><\/li>\n\n\n\n<li><a href='?page_no=19299'>19299<\/a><\/li>\n\n\n\n<li><a href='?page_no=19300'>19300<\/a><\/li>\n\n\n\n<li><a>...<\/a><\/li>\n\n\n\n<li><a href='?page_no=51012'>51012<\/a><\/li>\n\n\n\n<li><a href='?page_no=51013'>51013<\/a><\/li>\n\n    \n\t\n\n<li >\n\t<a href='?page_no=19299'>Next<\/a>\n\t<\/li>\n\n\n    \n\n<li><a href='?page_no=51013'>Last &rsaquo;&rsaquo;<\/a><\/li>\n\n<\/ul>\n\n\n--><br \/>\n<\/body><\/p>\n","protected":false},"excerpt":{"rendered":"<p>YAKARTA, 20 jun (Xinhua) &#8212; La cifra de muertos por las inundaciones y desprendimientos de tierra en la provincia de Java Central, en el oeste de Indonesia, ha aumentado a 47, adem\u00e1s se han reportado 15 desaparecidos, se\u00f1al\u00f3 hoy un alto funcionario de la agencia de manejo de desastres. La operaci\u00f3n de b\u00fasqueda y rescate [&hellip;]<\/p>\n","protected":false},"author":3,"featured_media":0,"comment_status":"open","ping_status":"open","sticky":false,"template":"","format":"standard","meta":{"footnotes":""},"categories":[23],"tags":[],"class_list":["post-249653","post","type-post","status-publish","format-standard","hentry","category-internacional"],"_links":{"self":[{"href":"https:\/\/diariodominicano.com\/index.php?rest_route=\/wp\/v2\/posts\/249653","targetHints":{"allow":["GET"]}}],"collection":[{"href":"https:\/\/diariodominicano.com\/index.php?rest_route=\/wp\/v2\/posts"}],"about":[{"href":"https:\/\/diariodominicano.com\/index.php?rest_route=\/wp\/v2\/types\/post"}],"author":[{"embeddable":true,"href":"https:\/\/diariodominicano.com\/index.php?rest_route=\/wp\/v2\/users\/3"}],"replies":[{"embeddable":true,"href":"https:\/\/diariodominicano.com\/index.php?rest_route=%2Fwp%2Fv2%2Fcomments&post=249653"}],"version-history":[{"count":0,"href":"https:\/\/diariodominicano.com\/index.php?rest_route=\/wp\/v2\/posts\/249653\/revisions"}],"wp:attachment":[{"href":"https:\/\/diariodominicano.com\/index.php?rest_route=%2Fwp%2Fv2%2Fmedia&parent=249653"}],"wp:term":[{"taxonomy":"category","embeddable":true,"href":"https:\/\/diariodominicano.com\/index.php?rest_route=%2Fwp%2Fv2%2Fcategories&post=249653"},{"taxonomy":"post_tag","embeddable":true,"href":"https:\/\/diariodominicano.com\/index.php?rest_route=%2Fwp%2Fv2%2Ftags&post=249653"}],"curies":[{"name":"wp","href":"https:\/\/api.w.org\/{rel}","templated":true}]}}