{"id":249651,"date":"2016-06-20T12:00:24","date_gmt":"2016-06-20T12:00:24","guid":{"rendered":"http:\/\/diariodominicano.ddns.net\/?p=249651"},"modified":"2016-06-20T12:00:24","modified_gmt":"2016-06-20T12:00:24","slug":"millones-de-refugiados-necesitan-ayuda-urgente","status":"publish","type":"post","link":"https:\/\/diariodominicano.com\/?p=249651","title":{"rendered":"Millones de refugiados necesitan ayuda urgente"},"content":{"rendered":"<p><body><\/p>\n<p><img decoding=\"async\" src=\"img3\/refugio20-6.jpg\" \/>  <\/p>\n<p><span class=\"text1noticias\">BEIJING, 20 jun (Xinhua) &#8212; Despu\u00e9s de m\u00e1s de una d\u00e9cada desde que la Asamblea General de las Naciones Unidas (AGNU) empez\u00f3 a conmemorar el D\u00eda Mundial de los Refugiados el 20 de junio de cada a\u00f1o, el problema de refugiados sigue sin soluci\u00f3n.<\/span><\/p>\n<p><span class=\"text1noticias\"> <\/span><\/p>\n<p><span class=\"text1noticias\">    Cada minuto ocho personas dejan todo atr\u00e1s para escapar de la guerra, persecuci\u00f3n o terrorismo, dice la ONU. El mundo est\u00e1 experimentando la peor crisis de refugiados y humanitaria desde la Segunda Guerra Mundial, debido a que los conflictos y agitaci\u00f3n provocados por las fuerzas occidentales encabezadas por Estados Unidos, entre otros factores, est\u00e1n desplazando a un creciente n\u00famero de personas.<\/span><\/p>\n<p><span class=\"text1noticias\"> <\/span><\/p>\n<p><span class=\"text1noticias\">     CRISIS DE REFUGIADOS SIN PRECEDENTES<\/span><\/p>\n<p><span class=\"text1noticias\"> <\/span><\/p>\n<p><span class=\"text1noticias\">     De acuerdo con datos de la ONU, la poblaci\u00f3n de refugiados alrededor del mundo supera los 60 millones y cerca de 1,19 millones de personas necesitar\u00e1n ser reubicadas en 2017, posiblemente 72 por ciento m\u00e1s de las necesidades proyectadas de 691.000 en 2014, antes de que empezara la reubicaci\u00f3n de gran escala de sirios.<\/span><\/p>\n<p><span class=\"text1noticias\"> <\/span><\/p>\n<p><span class=\"text1noticias\">     \u00abAnte la multitud de conflictos y crisis que causan un desplazamiento r\u00e9cord alrededor del mundo, la reubicaci\u00f3n se ha vuelto cada vez m\u00e1s una parte vital de los esfuerzos del Alto Comisionado de Naciones Unidas para los Refugiados (Acnur) para encontrar soluciones y pedir un compartimiento m\u00e1s justo de responsabilidad en torno a los refugiados\u00bb, dijo recientemente el vocero de la ONU, Stephane Dujarric.<\/span><\/p>\n<p><span class=\"text1noticias\"> <\/span><\/p>\n<p><span class=\"text1noticias\">     El alto comisionado de Acnur, Filippo Grandi, dijo antes del D\u00eda Mundial de los Refugiados que \u00abestamos en un periodo de conflicto y agitaci\u00f3n profundos en el mundo, el cual est\u00e1 ocasionando que mucha m\u00e1s gente huya de sus hogares que antes\u00bb.<\/span><\/p>\n<p><span class=\"text1noticias\"> <\/span><\/p>\n<p><span class=\"text1noticias\">     \u00abEso nos afecta e involucra a todos nosotros y lo que se necesita es comprensi\u00f3n, compasi\u00f3n y voluntad pol\u00edtica para encontrar respuestas reales al sufrimiento de los refugiados. \u00c9ste se ha vuelto un desaf\u00edo definitorio de nuestra \u00e9poca\u00bb, agreg\u00f3.<\/span><\/p>\n<p><span class=\"text1noticias\"> <\/span><\/p>\n<p><span class=\"text1noticias\">     Millones de hombres, mujeres y ni\u00f1os enfrentan un camino incierto.<\/span><\/p>\n<p><span class=\"text1noticias\"> <\/span><\/p>\n<p><span class=\"text1noticias\">     En lo que va del a\u00f1o, cerca de 2.856 migrantes y refugiados se han ahogado al cruzar el mar Mediterr\u00e1neo para llegar a Europa. La cifra representa m\u00e1s de 1.000 muertes en comparaci\u00f3n con el total de medio a\u00f1o del 2015, dijo la Organizaci\u00f3n Mundial para las Migraciones (OIM).<\/span><\/p>\n<p><span class=\"text1noticias\"> <\/span><\/p>\n<p><span class=\"text1noticias\">     FUERZAS DE OCCIDENTE DETR\u00c1S DE LA CRISIS<\/span><\/p>\n<p><span class=\"text1noticias\"> <\/span><\/p>\n<p><span class=\"text1noticias\">     Entre otros factores, las intervenciones de Estados Unidos y sus aliados europeos han exacerbado las contradicciones nacionales de algunos pa\u00edses como Siria y Libia.<\/span><\/p>\n<p><span class=\"text1noticias\"> <\/span><\/p>\n<p><span class=\"text1noticias\">     Los analistas se\u00f1alan que el quid de la prolongada crisis en Siria es la injerencia extranjera, que ha hecho que la situaci\u00f3n en el pa\u00eds sea inusualmente complicada y despoje a los sirios de su derecho a decidir su propio destino.<\/span><\/p>\n<p><span class=\"text1noticias\"> <\/span><\/p>\n<p><span class=\"text1noticias\">     El vicepresidente del Centro de Investigaci\u00f3n sobre Asilo y Migraci\u00f3n Metin Corabatir, coment\u00f3 que para finales de este a\u00f1o, se espera que haya unos 4,7 millones refugiados sirios en Medio Oriente, adem\u00e1s de los 5,6 millones que huir\u00e1n a otras \u00e1reas en el pa\u00eds.<\/span><\/p>\n<p><span class=\"text1noticias\"> <\/span><\/p>\n<p><span class=\"text1noticias\">     Antes de Siria, las guerras encabezadas por Estados Unidos en Irak y Afganist\u00e1n expulsaron a millones de personas de sus casas hacia pa\u00edses vecinos.<\/span><\/p>\n<p><span class=\"text1noticias\"> <\/span><\/p>\n<p><span class=\"text1noticias\">     \u00abDe manera abrumadora, los pa\u00edses del mundo en desarrollo fueron los m\u00e1s afectados, pero Europa tambi\u00e9n presenci\u00f3 escenas dram\u00e1ticas, mientras cientos de miles de personas cruzan el Mediterr\u00e1neo en busca de seguridad y refugio. Miles mueren en el camino\u00bb, dijo Grandi.<\/span><\/p>\n<p><span class=\"text1noticias\"> <\/span><\/p>\n<p><span class=\"text1noticias\">     Entre los pa\u00edses desarrollados, los europeos son los que sufren  ataques terroristas y enfrentan una crisis de refugiados debido a su proximidad geogr\u00e1fica.<\/span><\/p>\n<p><span class=\"text1noticias\"> <\/span><\/p>\n<p><span class=\"text1noticias\">     Mientras tanto, en el lejano Estados Unidos, el presidente estadounidense, Barack Obama, declar\u00f3 que el \u00abpeor error\u00bb de su presidencia fue \u00abprobablemente no planear lo del d\u00eda despu\u00e9s de&#8230; intervenir en Libia\u00bb.<\/span><\/p>\n<p><span class=\"text1noticias\"> <\/span><\/p>\n<p><span class=\"text1noticias\">     NECESIDAD DE MEDIDAS EFECTIVAS<\/span><\/p>\n<p><span class=\"text1noticias\"> <\/span><\/p>\n<p><span class=\"text1noticias\">     Como lo ha dicho el presidente chino, Xi Jinping, la ra\u00edz de la actual crisis de refugiados que preocupa a Europa est\u00e1 en el desequilibrio del desarrollo y en la inestabilidad regional.<\/span><\/p>\n<p><span class=\"text1noticias\"> <\/span><\/p>\n<p><span class=\"text1noticias\">     Por ello, adem\u00e1s de la ayuda humanitaria, la comunidad internacional debe encontrar una soluci\u00f3n efectiva para la pobreza y la inestabilidad social, y especialmente eliminar la causa de los conflictos en los pa\u00edses de origen de los refugiados.<\/span><\/p>\n<p><span class=\"text1noticias\"> <\/span><\/p>\n<p><span class=\"text1noticias\">     Primero, para poner fin al conflicto y la violencia, debe eliminarse cualquier tipo de intervenci\u00f3n extranjera, dado que el neointervencionismo ha probado ser un fracaso y da\u00f1ado gravemente el orden internacional estable y pac\u00edfico.<\/span><\/p>\n<p><span class=\"text1noticias\"> <\/span><\/p>\n<p><span class=\"text1noticias\">     Segundo, los pa\u00edses de origen de los refugiados deben trabajar junto con las partes correspondientes para encontrar una soluci\u00f3n pol\u00edtica al caos interno, y ejercer esfuerzos para desarrollar sus econom\u00edas y mejorar el bienestar de las personas.<\/span><\/p>\n<p><span class=\"text1noticias\"> <\/span><\/p>\n<p><span class=\"text1noticias\">     Tercero, la comunidad internacional, especialmente los pa\u00edses desarrollados, deben hacer m\u00e1s para ayudar a las personas que viven en pa\u00edses afectados por la guerra. Actualmente, m\u00e1s de 90 por ciento de los 60 millones de refugiados han sido aceptados por pa\u00edses en desarrollo, y los pa\u00edses desarrollados deben asumir<\/span> su responsabilidad.  <\/p>\n<h6> 2016-06-20 12:00:24 <\/h6>\n<p><!--\n<link rel=\"stylesheet\" href=\"css\/bootstrap.min.css\">\n\n\n<ul class=\"pagination\">\n\t    \n\t\n\n<li >\n\t<a href='?page_no=19295'>Previous<\/a>\n\t<\/li>\n\n\n       \n    \n\n<li><a href='?page_no=1'>1<\/a><\/li>\n\n\n\n<li><a href='?page_no=2'>2<\/a><\/li>\n\n\n\n<li><a>...<\/a><\/li>\n\n\n\n<li><a href='?page_no=19294'>19294<\/a><\/li>\n\n\n\n<li><a href='?page_no=19295'>19295<\/a><\/li>\n\n\n\n<li class='active'><a>19296<\/a><\/li>\n\n\n\n<li><a href='?page_no=19297'>19297<\/a><\/li>\n\n\n\n<li><a href='?page_no=19298'>19298<\/a><\/li>\n\n\n\n<li><a>...<\/a><\/li>\n\n\n\n<li><a href='?page_no=51012'>51012<\/a><\/li>\n\n\n\n<li><a href='?page_no=51013'>51013<\/a><\/li>\n\n    \n\t\n\n<li >\n\t<a href='?page_no=19297'>Next<\/a>\n\t<\/li>\n\n\n    \n\n<li><a href='?page_no=51013'>Last &rsaquo;&rsaquo;<\/a><\/li>\n\n<\/ul>\n\n\n--><br \/>\n<\/body><\/p>\n","protected":false},"excerpt":{"rendered":"<p>BEIJING, 20 jun (Xinhua) &#8212; Despu\u00e9s de m\u00e1s de una d\u00e9cada desde que la Asamblea General de las Naciones Unidas (AGNU) empez\u00f3 a conmemorar el D\u00eda Mundial de los Refugiados el 20 de junio de cada a\u00f1o, el problema de refugiados sigue sin soluci\u00f3n. Cada minuto ocho personas dejan todo atr\u00e1s para escapar de la [&hellip;]<\/p>\n","protected":false},"author":3,"featured_media":0,"comment_status":"open","ping_status":"open","sticky":false,"template":"","format":"standard","meta":{"footnotes":""},"categories":[23],"tags":[],"class_list":["post-249651","post","type-post","status-publish","format-standard","hentry","category-internacional"],"_links":{"self":[{"href":"https:\/\/diariodominicano.com\/index.php?rest_route=\/wp\/v2\/posts\/249651","targetHints":{"allow":["GET"]}}],"collection":[{"href":"https:\/\/diariodominicano.com\/index.php?rest_route=\/wp\/v2\/posts"}],"about":[{"href":"https:\/\/diariodominicano.com\/index.php?rest_route=\/wp\/v2\/types\/post"}],"author":[{"embeddable":true,"href":"https:\/\/diariodominicano.com\/index.php?rest_route=\/wp\/v2\/users\/3"}],"replies":[{"embeddable":true,"href":"https:\/\/diariodominicano.com\/index.php?rest_route=%2Fwp%2Fv2%2Fcomments&post=249651"}],"version-history":[{"count":0,"href":"https:\/\/diariodominicano.com\/index.php?rest_route=\/wp\/v2\/posts\/249651\/revisions"}],"wp:attachment":[{"href":"https:\/\/diariodominicano.com\/index.php?rest_route=%2Fwp%2Fv2%2Fmedia&parent=249651"}],"wp:term":[{"taxonomy":"category","embeddable":true,"href":"https:\/\/diariodominicano.com\/index.php?rest_route=%2Fwp%2Fv2%2Fcategories&post=249651"},{"taxonomy":"post_tag","embeddable":true,"href":"https:\/\/diariodominicano.com\/index.php?rest_route=%2Fwp%2Fv2%2Ftags&post=249651"}],"curies":[{"name":"wp","href":"https:\/\/api.w.org\/{rel}","templated":true}]}}