{"id":249604,"date":"2016-06-23T11:26:40","date_gmt":"2016-06-23T11:26:40","guid":{"rendered":"http:\/\/diariodominicano.ddns.net\/?p=249604"},"modified":"2016-06-23T11:26:40","modified_gmt":"2016-06-23T11:26:40","slug":"tiroteo-en-ciudad-de-alemania-deja-al-menos-25-heridos","status":"publish","type":"post","link":"https:\/\/diariodominicano.com\/?p=249604","title":{"rendered":"Tiroteo en ciudad de Alemania deja al menos 25 heridos"},"content":{"rendered":"<p><body><\/p>\n<p><img decoding=\"async\" src=\"img3\/alemania23-6.jpg\" \/>  <\/p>\n<p><span class=\"text1noticias\"> FRANKFURT, Alemania, 23 jun (Xinhua) &#8212; Al menos 25 personas resultaron heridas hoy en un ataque con gas lacrim\u00f3geno lanzado en un cine de una ciudad del suroeste de Alemania.<\/span><\/p>\n<p><span class=\"text1noticias\"> <\/span><\/p>\n<p><span class=\"text1noticias\">     Un hombre armado entr\u00f3 en el cine en la ciudad de Viernheim, hizo disparos al aire y lanz\u00f3 un ataque con gas lacrim\u00f3geno, lo que caus\u00f3 las heridas, inform\u00f3 la televisi\u00f3n local.<\/span><\/p>\n<p><span class=\"text1noticias\"> <\/span><\/p>\n<p><span class=\"text1noticias\">     El atacante muri\u00f3 y a\u00fan se desconoce qu\u00e9 lo motiv\u00f3 a llevar a cabo la agresi\u00f3n.<\/span><\/p>\n<p><span class=\"text1noticias\"> <\/span><\/p>\n<p><span class=\"text1noticias\"> <\/span><\/p>\n<p><span class=\"text1noticias\"> <\/span><\/p>\n<h6> 2016-06-23 11:26:40 <\/h6>\n<p><!--\n<link rel=\"stylesheet\" href=\"css\/bootstrap.min.css\">\n\n\n<ul class=\"pagination\">\n\t    \n\t\n\n<li >\n\t<a href='?page_no=19248'>Previous<\/a>\n\t<\/li>\n\n\n       \n    \n\n<li><a href='?page_no=1'>1<\/a><\/li>\n\n\n\n<li><a href='?page_no=2'>2<\/a><\/li>\n\n\n\n<li><a>...<\/a><\/li>\n\n\n\n<li><a href='?page_no=19247'>19247<\/a><\/li>\n\n\n\n<li><a href='?page_no=19248'>19248<\/a><\/li>\n\n\n\n<li class='active'><a>19249<\/a><\/li>\n\n\n\n<li><a href='?page_no=19250'>19250<\/a><\/li>\n\n\n\n<li><a href='?page_no=19251'>19251<\/a><\/li>\n\n\n\n<li><a>...<\/a><\/li>\n\n\n\n<li><a href='?page_no=51012'>51012<\/a><\/li>\n\n\n\n<li><a href='?page_no=51013'>51013<\/a><\/li>\n\n    \n\t\n\n<li >\n\t<a href='?page_no=19250'>Next<\/a>\n\t<\/li>\n\n\n    \n\n<li><a href='?page_no=51013'>Last &rsaquo;&rsaquo;<\/a><\/li>\n\n<\/ul>\n\n\n--><br \/>\n<\/body><\/p>\n","protected":false},"excerpt":{"rendered":"<p>FRANKFURT, Alemania, 23 jun (Xinhua) &#8212; Al menos 25 personas resultaron heridas hoy en un ataque con gas lacrim\u00f3geno lanzado en un cine de una ciudad del suroeste de Alemania. Un hombre armado entr\u00f3 en el cine en la ciudad de Viernheim, hizo disparos al aire y lanz\u00f3 un ataque con gas lacrim\u00f3geno, lo que [&hellip;]<\/p>\n","protected":false},"author":3,"featured_media":0,"comment_status":"open","ping_status":"open","sticky":false,"template":"","format":"standard","meta":{"footnotes":""},"categories":[23],"tags":[],"class_list":["post-249604","post","type-post","status-publish","format-standard","hentry","category-internacional"],"_links":{"self":[{"href":"https:\/\/diariodominicano.com\/index.php?rest_route=\/wp\/v2\/posts\/249604","targetHints":{"allow":["GET"]}}],"collection":[{"href":"https:\/\/diariodominicano.com\/index.php?rest_route=\/wp\/v2\/posts"}],"about":[{"href":"https:\/\/diariodominicano.com\/index.php?rest_route=\/wp\/v2\/types\/post"}],"author":[{"embeddable":true,"href":"https:\/\/diariodominicano.com\/index.php?rest_route=\/wp\/v2\/users\/3"}],"replies":[{"embeddable":true,"href":"https:\/\/diariodominicano.com\/index.php?rest_route=%2Fwp%2Fv2%2Fcomments&post=249604"}],"version-history":[{"count":0,"href":"https:\/\/diariodominicano.com\/index.php?rest_route=\/wp\/v2\/posts\/249604\/revisions"}],"wp:attachment":[{"href":"https:\/\/diariodominicano.com\/index.php?rest_route=%2Fwp%2Fv2%2Fmedia&parent=249604"}],"wp:term":[{"taxonomy":"category","embeddable":true,"href":"https:\/\/diariodominicano.com\/index.php?rest_route=%2Fwp%2Fv2%2Fcategories&post=249604"},{"taxonomy":"post_tag","embeddable":true,"href":"https:\/\/diariodominicano.com\/index.php?rest_route=%2Fwp%2Fv2%2Ftags&post=249604"}],"curies":[{"name":"wp","href":"https:\/\/api.w.org\/{rel}","templated":true}]}}