{"id":249603,"date":"2016-06-23T12:38:49","date_gmt":"2016-06-23T12:38:49","guid":{"rendered":"http:\/\/diariodominicano.ddns.net\/?p=249603"},"modified":"2016-06-23T12:38:49","modified_gmt":"2016-06-23T12:38:49","slug":"suprema-corte-de-eeuu-bloquea-plan-inmigracion-casa-blanca","status":"publish","type":"post","link":"https:\/\/diariodominicano.com\/?p=249603","title":{"rendered":"Suprema Corte de EEUU bloquea plan inmigraci\u00f3n Casa Blanca"},"content":{"rendered":"<p><body><\/p>\n<p><img decoding=\"async\" src=\"img3\/Supremej23-6.jpg\" \/>  <\/p>\n<p><span class=\"text1noticias\">     WASHINGTON, 23 jun (Xinhua) &#8212; La Suprema Corte de Estados Unidos asest\u00f3 hoy un duro golpe al programa de inmigraci\u00f3n de la Casa Blanca al ratificar el fallo de un tribunal menor que bloque\u00f3 el programa.<\/span><\/p>\n<p><span class=\"text1noticias\"> <\/span><\/p>\n<p><span class=\"text1noticias\">     Con una votaci\u00f3n de 4-4, la Suprema Corte dej\u00f3 hoy en vigor un fallo previo del V Tribunal de Circuito de Apelaciones contra la controvertida acci\u00f3n ejecutiva de inmigraci\u00f3n llevada a cabo en 2014 por el presidente estadounidense, Barack Obama.<\/span><\/p>\n<p><span class=\"text1noticias\"> <\/span><\/p>\n<p><span class=\"text1noticias\">     En 2014, Obama recurri\u00f3 a su autoridad ejecutiva para eludir al Congreso e impulsar reformas de inmigraci\u00f3n que buscaban proporcionar permisos laborales a hasta cinco millones de inmigrantes ilegales, lo que proteger\u00eda a la mayor\u00eda de la deportaci\u00f3n.<\/span><\/p>\n<p><span class=\"text1noticias\"> <\/span><\/p>\n<p><span class=\"text1noticias\">     Los republicanos protestaron de inmediato por la acci\u00f3n y dijeron que el ejecutivo se hab\u00eda extralimitado ilegalmente.<\/span><\/p>\n<p><span class=\"text1noticias\"> <\/span><\/p>\n<p><span class=\"text1noticias\">     En su defensa, la Casa Blanca dijo con anterioridad que la Suprema Corte y el Congreso hab\u00edan puesto en claro que \u00abel gobierno federal puede determinar prioridades al poner en vigor leyes de inmigraci\u00f3n\u00bb.<\/span><\/p>\n<p><span class=\"text1noticias\"> <\/span><\/p>\n<p><span class=\"text1noticias\">     Se supon\u00eda que la primera etapa de la acci\u00f3n ejecutiva de Obama sobre la reforma de inmigraci\u00f3n entrar\u00eda en vigor en febrero del a\u00f1o pasado.<\/span><\/p>\n<p><span class=\"text1noticias\"> <\/span><\/p>\n<p><span class=\"text1noticias\">     Eso permitir\u00eda que los j\u00f3venes inmigrantes estuvieran protegidos de la deportaci\u00f3n en caso de haber sido llevados a Estados Unidos ilegalmente cuando eran ni\u00f1os. La segunda etapa extender\u00eda la inmunidad a la deportaci\u00f3n a los padres de ciudadanos y residentes permanentes estadounidenses.<\/span><\/p>\n<p><span class=\"text1noticias\"> <\/span><\/p>\n<p><span class=\"text1noticias\">     Sin embargo, el nuevo programa de alivio a la deportaci\u00f3n nunca empez\u00f3 despu\u00e9s de que el juez de distrito Andrew Hanen de Texas emitiera un mandamiento judicial contra el programa en v\u00edsperas de su lanza<\/span>miento.<\/p>\n<h6> 2016-06-23 12:38:49 <\/h6>\n<p><!--\n<link rel=\"stylesheet\" href=\"css\/bootstrap.min.css\">\n\n\n<ul class=\"pagination\">\n\t    \n\t\n\n<li >\n\t<a href='?page_no=19247'>Previous<\/a>\n\t<\/li>\n\n\n       \n    \n\n<li><a href='?page_no=1'>1<\/a><\/li>\n\n\n\n<li><a href='?page_no=2'>2<\/a><\/li>\n\n\n\n<li><a>...<\/a><\/li>\n\n\n\n<li><a href='?page_no=19246'>19246<\/a><\/li>\n\n\n\n<li><a href='?page_no=19247'>19247<\/a><\/li>\n\n\n\n<li class='active'><a>19248<\/a><\/li>\n\n\n\n<li><a href='?page_no=19249'>19249<\/a><\/li>\n\n\n\n<li><a href='?page_no=19250'>19250<\/a><\/li>\n\n\n\n<li><a>...<\/a><\/li>\n\n\n\n<li><a href='?page_no=51012'>51012<\/a><\/li>\n\n\n\n<li><a href='?page_no=51013'>51013<\/a><\/li>\n\n    \n\t\n\n<li >\n\t<a href='?page_no=19249'>Next<\/a>\n\t<\/li>\n\n\n    \n\n<li><a href='?page_no=51013'>Last &rsaquo;&rsaquo;<\/a><\/li>\n\n<\/ul>\n\n\n--><br \/>\n<\/body><\/p>\n","protected":false},"excerpt":{"rendered":"<p>WASHINGTON, 23 jun (Xinhua) &#8212; La Suprema Corte de Estados Unidos asest\u00f3 hoy un duro golpe al programa de inmigraci\u00f3n de la Casa Blanca al ratificar el fallo de un tribunal menor que bloque\u00f3 el programa. Con una votaci\u00f3n de 4-4, la Suprema Corte dej\u00f3 hoy en vigor un fallo previo del V Tribunal de [&hellip;]<\/p>\n","protected":false},"author":3,"featured_media":0,"comment_status":"open","ping_status":"open","sticky":false,"template":"","format":"standard","meta":{"footnotes":""},"categories":[23],"tags":[],"class_list":["post-249603","post","type-post","status-publish","format-standard","hentry","category-internacional"],"_links":{"self":[{"href":"https:\/\/diariodominicano.com\/index.php?rest_route=\/wp\/v2\/posts\/249603","targetHints":{"allow":["GET"]}}],"collection":[{"href":"https:\/\/diariodominicano.com\/index.php?rest_route=\/wp\/v2\/posts"}],"about":[{"href":"https:\/\/diariodominicano.com\/index.php?rest_route=\/wp\/v2\/types\/post"}],"author":[{"embeddable":true,"href":"https:\/\/diariodominicano.com\/index.php?rest_route=\/wp\/v2\/users\/3"}],"replies":[{"embeddable":true,"href":"https:\/\/diariodominicano.com\/index.php?rest_route=%2Fwp%2Fv2%2Fcomments&post=249603"}],"version-history":[{"count":0,"href":"https:\/\/diariodominicano.com\/index.php?rest_route=\/wp\/v2\/posts\/249603\/revisions"}],"wp:attachment":[{"href":"https:\/\/diariodominicano.com\/index.php?rest_route=%2Fwp%2Fv2%2Fmedia&parent=249603"}],"wp:term":[{"taxonomy":"category","embeddable":true,"href":"https:\/\/diariodominicano.com\/index.php?rest_route=%2Fwp%2Fv2%2Fcategories&post=249603"},{"taxonomy":"post_tag","embeddable":true,"href":"https:\/\/diariodominicano.com\/index.php?rest_route=%2Fwp%2Fv2%2Ftags&post=249603"}],"curies":[{"name":"wp","href":"https:\/\/api.w.org\/{rel}","templated":true}]}}