{"id":249597,"date":"2016-06-24T08:18:25","date_gmt":"2016-06-24T08:18:25","guid":{"rendered":"http:\/\/diariodominicano.ddns.net\/?p=249597"},"modified":"2016-06-24T08:18:25","modified_gmt":"2016-06-24T08:18:25","slug":"suman-27-los-candidatos-presidenciales-haitianos","status":"publish","type":"post","link":"https:\/\/diariodominicano.com\/?p=249597","title":{"rendered":"Suman 27 los candidatos presidenciales haitianos"},"content":{"rendered":"<p><body><\/p>\n<p><img decoding=\"async\" src=\"img3\/bandera-hait25-6.jpg\" \/>  <\/p>\n<p><span class=\"text1noticias\">Puerto Pr\u00edncipe, 24 jun (PL) Un total de 27 candidatos a la presidencia se presentar\u00e1n en las elecciones haitianas que tienen fijada la primera vuelta el 9 de octubre venidero, seg\u00fan la lista publicada aqu\u00ed.<\/span><\/p>\n<p><span class=\"text1noticias\"> <\/span><\/p>\n<p><span class=\"text1noticias\">Ellos son Jude C\u00e9lestin (Liga alternativa para el progreso y la emancipaci\u00f3n de Hait\u00ed \/Lapeh), Maryse Narcisse (Familia Lavalas), Moise Jean-Charles (Pitit Desalin), Beauzile Edmonde (Fusi\u00f3n).<\/span><\/p>\n<p><span class=\"text1noticias\"> <\/span><\/p>\n<p><span class=\"text1noticias\">Tambi\u00e9n est\u00e1n Jovenel Moise (Partido Haiti Tet Kaleh\/PHTK), Jean Henry Ceant (Renmen Ayiti\/ Amar a Hait\u00ed), Jean Renois Clarens (UNITE), Andr\u00e9 Amos (Frente Unido para el renacimiento de Hait\u00ed).<\/span><\/p>\n<p><span class=\"text1noticias\"> <\/span><\/p>\n<p><span class=\"text1noticias\">Figuran adem\u00e1s Jean Bertin (Movimiento Republicano Uni\u00f3n), Bretous Harry Joseph (Konbit para Hait\u00ed), Charles Jean Herv\u00e9 (Partido por el Cambio Nacional de Hait\u00ed \/Penh), Kesler Dalmacy (Mopanou).<\/span><\/p>\n<p><span class=\"text1noticias\"> <\/span><\/p>\n<p><span class=\"text1noticias\">Les siguen Jean Ronald Cornely (Manifestaci\u00f3n de patriotas haitianos\/RPH), Desir Luckner (Movilizaci\u00f3n para el Progreso de Hait\u00ed), Marc-Arthur Drouillard (Partido de la Unidad Nacional), Joseph G. Durandisse Varnel (Restaurado Hait\u00ed) <\/span><\/p>\n<p><span class=\"text1noticias\"> <\/span><\/p>\n<p><span class=\"text1noticias\">Asimismo figuran Daniel Dupiton (Cohesi\u00f3n Nacional de los partidos pol\u00edticos de Hait\u00ed \/Conapph), Duroseau Vilaire Cluny (Movimiento de independencia social, cultural, econ\u00f3mica y pol\u00edtica de Hait\u00ed).<\/span><\/p>\n<p><span class=\"text1noticias\"> <\/span><\/p>\n<p><span class=\"text1noticias\">Otros candidatos son Mar\u00eda Antonieta Gautier (Plan de Acci\u00f3n Ciudadana), Gerard Dalvius (Partido de Desarrollo Alternativo de Hait\u00ed), Jean Poincy (Resultado), Joseph Maxo (Voluntarios Dem\u00f3cratas Nacionales) <\/span><\/p>\n<p><span class=\"text1noticias\"> <\/span><\/p>\n<p><span class=\"text1noticias\">Cierran la relaci\u00f3n Roland Magloire (Partido Dem\u00f3crata Institucionalista), Jacques Sampeur (KLE), Joven Jean Chavannes (CANA\u00c1N), Flecourt Nelson (OLAH) y el independiente Diony Monestime.<\/span><\/p>\n<p><span class=\"text1noticias\"> <\/span><\/p>\n<p><span class=\"text1noticias\">Se trata de la mitad de los 54 candidatos que participaron en las controvertidas elecciones presidenciales del 2015, declaradas nulas al verificarse que hubo fraude.<\/span><\/p>\n<p><span class=\"text1noticias\"> <\/span><\/p>\n<p><span class=\"text1noticias\">Un dato curioso es que el candidato oficialista Jovenel Moise se haya inscrito para los nuevos comicios y dejara de reclamar por la segunda vuelta donde a\u00f1oraba medirse con Jude Celestin, por ser ambos los m\u00e1s votados del 2015.<\/span><\/p>\n<p><span class=\"text1noticias\"> <\/span><\/p>\n<p><span class=\"text1noticias\">Ocurre tambi\u00e9n que cinco de los 10 candidatos que tuvieron m\u00e1s votos en la pasada elecci\u00f3n se retiraron: son ellos Eric Jean Baptiste, Steven Benoit, Sauveur Pierre Etienne, Samuel Madistin y Mario Andr\u00e9sol .<\/span><\/p>\n<p><span class=\"text1noticias\"> <\/span><\/p>\n<p><span class=\"text1noticias\">Baptiste, Benoit y Etienne ahora apoyan la candidatura de su antiguo colega del Grupo de los ocho (G8), Jude Celestin.<\/span><\/p>\n<p><span class=\"text1noticias\"> <\/span><\/p>\n<p><span class=\"text1noticias\">Madistin considera apresurada esta nueva elecci\u00f3n y no ha revelado qu\u00e9 candidato recibir\u00e1 el apoyo de su partido, el Moppod.<\/span><\/p>\n<p><span class=\"text1noticias\"> <\/span><\/p>\n<p><span class=\"text1noticias\">Andresol todav\u00eda no ha decidido a favor de qu\u00e9 candidato del G-8 estar\u00e1, aunque inicialmente se habl\u00f3 de Celestin.<\/span><\/p>\n<p><span class=\"text1noticias\"> <\/span><\/p>\n<p><span class=\"text1noticias\">Al parecer, algunos ex candidatos no vuelven a intentarlo por problemas econ\u00f3micos pues el gobierno no les dar\u00e1 subsidios por insuficiencia de recursos financieros.<\/span><\/p>\n<p><span class=\"text1noticias\"> <\/span><\/p>\n<p><span class=\"text1noticias\">Sin embargo, la fiebre electoral comienza a hacerse sentir en la zona metropolitana de esta capital y hubo hoy manifestaciones de respaldo a algunos candidatos.<\/span><\/p>\n<p><span class=\"text1noticias\"> <\/span><\/p>\n<p><span class=\"text1noticias\">Eso ocurre sin que el parlamento haya definido si extiende o no el mandato del presidente interino Jocelerme Privert, una figura que muchos consideran importante para que las elecciones lleguen<\/span> a buen t\u00e9rmino.<\/p>\n<h6> 2016-06-24 08:18:25 <\/h6>\n<p><!--\n<link rel=\"stylesheet\" href=\"css\/bootstrap.min.css\">\n\n\n<ul class=\"pagination\">\n\t    \n\t\n\n<li >\n\t<a href='?page_no=19241'>Previous<\/a>\n\t<\/li>\n\n\n       \n    \n\n<li><a href='?page_no=1'>1<\/a><\/li>\n\n\n\n<li><a href='?page_no=2'>2<\/a><\/li>\n\n\n\n<li><a>...<\/a><\/li>\n\n\n\n<li><a href='?page_no=19240'>19240<\/a><\/li>\n\n\n\n<li><a href='?page_no=19241'>19241<\/a><\/li>\n\n\n\n<li class='active'><a>19242<\/a><\/li>\n\n\n\n<li><a href='?page_no=19243'>19243<\/a><\/li>\n\n\n\n<li><a href='?page_no=19244'>19244<\/a><\/li>\n\n\n\n<li><a>...<\/a><\/li>\n\n\n\n<li><a href='?page_no=51012'>51012<\/a><\/li>\n\n\n\n<li><a href='?page_no=51013'>51013<\/a><\/li>\n\n    \n\t\n\n<li >\n\t<a href='?page_no=19243'>Next<\/a>\n\t<\/li>\n\n\n    \n\n<li><a href='?page_no=51013'>Last &rsaquo;&rsaquo;<\/a><\/li>\n\n<\/ul>\n\n\n--><br \/>\n<\/body><\/p>\n","protected":false},"excerpt":{"rendered":"<p>Puerto Pr\u00edncipe, 24 jun (PL) Un total de 27 candidatos a la presidencia se presentar\u00e1n en las elecciones haitianas que tienen fijada la primera vuelta el 9 de octubre venidero, seg\u00fan la lista publicada aqu\u00ed. Ellos son Jude C\u00e9lestin (Liga alternativa para el progreso y la emancipaci\u00f3n de Hait\u00ed \/Lapeh), Maryse Narcisse (Familia Lavalas), Moise [&hellip;]<\/p>\n","protected":false},"author":3,"featured_media":0,"comment_status":"open","ping_status":"open","sticky":false,"template":"","format":"standard","meta":{"footnotes":""},"categories":[23],"tags":[],"class_list":["post-249597","post","type-post","status-publish","format-standard","hentry","category-internacional"],"_links":{"self":[{"href":"https:\/\/diariodominicano.com\/index.php?rest_route=\/wp\/v2\/posts\/249597","targetHints":{"allow":["GET"]}}],"collection":[{"href":"https:\/\/diariodominicano.com\/index.php?rest_route=\/wp\/v2\/posts"}],"about":[{"href":"https:\/\/diariodominicano.com\/index.php?rest_route=\/wp\/v2\/types\/post"}],"author":[{"embeddable":true,"href":"https:\/\/diariodominicano.com\/index.php?rest_route=\/wp\/v2\/users\/3"}],"replies":[{"embeddable":true,"href":"https:\/\/diariodominicano.com\/index.php?rest_route=%2Fwp%2Fv2%2Fcomments&post=249597"}],"version-history":[{"count":0,"href":"https:\/\/diariodominicano.com\/index.php?rest_route=\/wp\/v2\/posts\/249597\/revisions"}],"wp:attachment":[{"href":"https:\/\/diariodominicano.com\/index.php?rest_route=%2Fwp%2Fv2%2Fmedia&parent=249597"}],"wp:term":[{"taxonomy":"category","embeddable":true,"href":"https:\/\/diariodominicano.com\/index.php?rest_route=%2Fwp%2Fv2%2Fcategories&post=249597"},{"taxonomy":"post_tag","embeddable":true,"href":"https:\/\/diariodominicano.com\/index.php?rest_route=%2Fwp%2Fv2%2Ftags&post=249597"}],"curies":[{"name":"wp","href":"https:\/\/api.w.org\/{rel}","templated":true}]}}