{"id":249596,"date":"2016-06-24T08:34:51","date_gmt":"2016-06-24T08:34:51","guid":{"rendered":"http:\/\/diariodominicano.ddns.net\/?p=249596"},"modified":"2016-06-24T08:34:51","modified_gmt":"2016-06-24T08:34:51","slug":"merkel-dice-que-brexit-supone-un-punto-de-inflexion","status":"publish","type":"post","link":"https:\/\/diariodominicano.com\/?p=249596","title":{"rendered":"Merkel dice que \u00abbrexit\u00bb supone \u00abun punto de inflexi\u00f3n\u00bb"},"content":{"rendered":"<p><body><\/p>\n<p><img decoding=\"async\" src=\"img3\/Merkel24-6.jpg\" \/>  <\/p>\n<p><span class=\"text1noticias\"> BERLIN, 24 jun (Xinhua) &#8212; El d\u00eda de hoy supone \u00abun punto de inflexi\u00f3n\u00bb para Europa, dijo hoy la canciller alemana, Angela Merkel, en una rueda de prensa sobre el resultado del refer\u00e9ndum que se sald\u00f3 con la victoria del \u00abbrexit\u00bb, es decir, la salida de Reino Unido de la UE.<\/span><\/p>\n<p><span class=\"text1noticias\"> <\/span><\/p>\n<p><span class=\"text1noticias\">     \u00abAlemania debe aceptar ahora con gran pesar la decisi\u00f3n de la mayor\u00eda de la poblaci\u00f3n brit\u00e1nica, que desea poner fin a la membres\u00eda del Reino Unido en la UE\u00bb, dijo Merkel. Sin embargo, desaconsej\u00f3 sacar \u00abconclusiones r\u00e1pidas y f\u00e1ciles\u00bb.<\/span><\/p>\n<p><span class=\"text1noticias\"> <\/span><\/p>\n<p><span class=\"text1noticias\">     Al mismo tiempo, Merkel tambi\u00e9n anunci\u00f3 una reuni\u00f3n de crisis sobre el \u00abbrexit\u00bb, que se celebrar\u00e1 el pr\u00f3ximo lunes en Berl\u00edn.<\/span><\/p>\n<p><span class=\"text1noticias\"> <\/span><\/p>\n<p><span class=\"text1noticias\">     \u00abLa Uni\u00f3n Europea es suficientemente fuerte para dar las respuestas correctas al d\u00eda de hoy\u00bb, dijo la mandataria alemana, quien a\u00f1adi\u00f3 que se asegurar\u00e1 de esto \u00abcon todo el Gobierno alem\u00e1n\u00bb.<\/span><\/p>\n<p><span class=\"text1noticias\"> <\/span><\/p>\n<p><span class=\"text1noticias\">     Merkel indic\u00f3 que \u00abAlemania tiene un inter\u00e9s especial y una responsabilidad especial de que la unidad europea prospe<\/span>re\u00bb.<\/p>\n<h6> 2016-06-24 08:34:51 <\/h6>\n<p><!--\n<link rel=\"stylesheet\" href=\"css\/bootstrap.min.css\">\n\n\n<ul class=\"pagination\">\n\t    \n\t\n\n<li >\n\t<a href='?page_no=19240'>Previous<\/a>\n\t<\/li>\n\n\n       \n    \n\n<li><a href='?page_no=1'>1<\/a><\/li>\n\n\n\n<li><a href='?page_no=2'>2<\/a><\/li>\n\n\n\n<li><a>...<\/a><\/li>\n\n\n\n<li><a href='?page_no=19239'>19239<\/a><\/li>\n\n\n\n<li><a href='?page_no=19240'>19240<\/a><\/li>\n\n\n\n<li class='active'><a>19241<\/a><\/li>\n\n\n\n<li><a href='?page_no=19242'>19242<\/a><\/li>\n\n\n\n<li><a href='?page_no=19243'>19243<\/a><\/li>\n\n\n\n<li><a>...<\/a><\/li>\n\n\n\n<li><a href='?page_no=51012'>51012<\/a><\/li>\n\n\n\n<li><a href='?page_no=51013'>51013<\/a><\/li>\n\n    \n\t\n\n<li >\n\t<a href='?page_no=19242'>Next<\/a>\n\t<\/li>\n\n\n    \n\n<li><a href='?page_no=51013'>Last &rsaquo;&rsaquo;<\/a><\/li>\n\n<\/ul>\n\n\n--><br \/>\n<\/body><\/p>\n","protected":false},"excerpt":{"rendered":"<p>BERLIN, 24 jun (Xinhua) &#8212; El d\u00eda de hoy supone \u00abun punto de inflexi\u00f3n\u00bb para Europa, dijo hoy la canciller alemana, Angela Merkel, en una rueda de prensa sobre el resultado del refer\u00e9ndum que se sald\u00f3 con la victoria del \u00abbrexit\u00bb, es decir, la salida de Reino Unido de la UE. \u00abAlemania debe aceptar ahora [&hellip;]<\/p>\n","protected":false},"author":3,"featured_media":0,"comment_status":"open","ping_status":"open","sticky":false,"template":"","format":"standard","meta":{"footnotes":""},"categories":[23],"tags":[],"class_list":["post-249596","post","type-post","status-publish","format-standard","hentry","category-internacional"],"_links":{"self":[{"href":"https:\/\/diariodominicano.com\/index.php?rest_route=\/wp\/v2\/posts\/249596","targetHints":{"allow":["GET"]}}],"collection":[{"href":"https:\/\/diariodominicano.com\/index.php?rest_route=\/wp\/v2\/posts"}],"about":[{"href":"https:\/\/diariodominicano.com\/index.php?rest_route=\/wp\/v2\/types\/post"}],"author":[{"embeddable":true,"href":"https:\/\/diariodominicano.com\/index.php?rest_route=\/wp\/v2\/users\/3"}],"replies":[{"embeddable":true,"href":"https:\/\/diariodominicano.com\/index.php?rest_route=%2Fwp%2Fv2%2Fcomments&post=249596"}],"version-history":[{"count":0,"href":"https:\/\/diariodominicano.com\/index.php?rest_route=\/wp\/v2\/posts\/249596\/revisions"}],"wp:attachment":[{"href":"https:\/\/diariodominicano.com\/index.php?rest_route=%2Fwp%2Fv2%2Fmedia&parent=249596"}],"wp:term":[{"taxonomy":"category","embeddable":true,"href":"https:\/\/diariodominicano.com\/index.php?rest_route=%2Fwp%2Fv2%2Fcategories&post=249596"},{"taxonomy":"post_tag","embeddable":true,"href":"https:\/\/diariodominicano.com\/index.php?rest_route=%2Fwp%2Fv2%2Ftags&post=249596"}],"curies":[{"name":"wp","href":"https:\/\/api.w.org\/{rel}","templated":true}]}}